{"id":4997,"date":"2020-03-30T15:54:26","date_gmt":"2020-03-30T15:54:26","guid":{"rendered":"https:\/\/oparanews.com.br\/?p=4997"},"modified":"2020-03-30T15:54:26","modified_gmt":"2020-03-30T15:54:26","slug":"rio-transborda-invade-casas-e-derruba-postes-em-santana-do-ipanema","status":"publish","type":"post","link":"https:\/\/www.oparanews.com.br\/index.php\/2020\/03\/30\/rio-transborda-invade-casas-e-derruba-postes-em-santana-do-ipanema\/","title":{"rendered":"Rio transborda, invade casas e derruba postes em Santana do Ipanema"},"content":{"rendered":"<p>Moradores de Santana do Ipanema, Sert\u00e3o de Alagoas, foram surpreendidos com o aumento das \u00e1guas do Rio Ipanema na madrugada desta segunda-feira (30). As fortes chuvas que ca\u00edram provocaram o aumento do volume do rio, que invadiu casas e derrubou postes na cidade. O Corpo de Bombeiros foi acionado para socorrer pessoas ilhadas na cidade.<\/p>\n<p>Desde a semana passada, a cidade registra inunda\u00e7\u00f5es. As comportas da barragem de Camoxinga, em Pernambuco, foram abertas e deixou mais de 600 pessoas desabrigadas. A prefeitura de Santana do Ipanema decretou situa\u00e7\u00e3o de emerg\u00eancia por 90 dias na sexta (27).<\/p>\n<p>Na noite de domingo (29), a Sala de Alerta da Secretaria de Estado do Meio Ambiente e dos Recursos H\u00eddricos (Semarh) chegou a emitir um alerta de aumento do n\u00edvel do Rio Ipanema. Como a previs\u00e3o era de chuvas moderadas a fortes na regi\u00e3o, o transbordamento foi inevit\u00e1vel.<\/p>\n<p>O alerta da Semarh apontava que \u00e0s 22h do domingo o n\u00edvel do rio estava 81 cm abaixo da cota de inunda\u00e7\u00e3o. O alerta falava ainda que a cidade de Po\u00e7o das Trincheiras e locais pr\u00f3ximos, j\u00e1 no territ\u00f3rio de Pernambuco, tamb\u00e9m poderiam ser afetados com as fortes chuvas.<\/p>\n<p>A ponte sobre o Rio Ipanema, que faz parte do quil\u00f4metro 82,9 da BR-316, foi interditada pela Pol\u00edcia Rodovi\u00e1ria Federal. O tr\u00e2nsito no local n\u00e3o est\u00e1 congestionado. Uma equipe da PRF est\u00e1 no local para orientar aos motoristas. N\u00e3o h\u00e1 previs\u00e3o de libera\u00e7\u00e3o.<\/p>\n<p>Os Bombeiros resgataram v\u00e1rias pessoas que ficaram ilhadas.<\/p>\n<p>&nbsp;<\/p>\n<p><strong>Fonte: G1\/AL<\/strong><\/p>\n<p>&nbsp;<\/p>\n","protected":false},"excerpt":{"rendered":"<p>Moradores de Santana do Ipanema, Sert\u00e3o de Alagoas, foram surpreendidos com o aumento das \u00e1guas do Rio Ipanema na madrugada desta segunda-feira (30). As fortes chuvas que ca\u00edram provocaram o aumento do volume do rio, que invadiu casas e derrubou postes na cidade. O Corpo de Bombeiros foi acionado para socorrer pessoas ilhadas na cidade. &hellip;<\/p>\n","protected":false},"author":1,"featured_media":4998,"comment_status":"open","ping_status":"open","sticky":false,"template":"","format":"standard","meta":{"_jetpack_newsletter_access":"","_jetpack_dont_email_post_to_subs":false,"_jetpack_newsletter_tier_id":0,"_jetpack_memberships_contains_paywalled_content":false,"_jetpack_memberships_contains_paid_content":false,"footnotes":""},"categories":[1],"tags":[],"class_list":["post-4997","post","type-post","status-publish","format-standard","has-post-thumbnail","hentry","category-destaque"],"jetpack_sharing_enabled":true,"jetpack_featured_media_url":"","_links":{"self":[{"href":"https:\/\/www.oparanews.com.br\/index.php\/wp-json\/wp\/v2\/posts\/4997","targetHints":{"allow":["GET"]}}],"collection":[{"href":"https:\/\/www.oparanews.com.br\/index.php\/wp-json\/wp\/v2\/posts"}],"about":[{"href":"https:\/\/www.oparanews.com.br\/index.php\/wp-json\/wp\/v2\/types\/post"}],"author":[{"embeddable":true,"href":"https:\/\/www.oparanews.com.br\/index.php\/wp-json\/wp\/v2\/users\/1"}],"replies":[{"embeddable":true,"href":"https:\/\/www.oparanews.com.br\/index.php\/wp-json\/wp\/v2\/comments?post=4997"}],"version-history":[{"count":0,"href":"https:\/\/www.oparanews.com.br\/index.php\/wp-json\/wp\/v2\/posts\/4997\/revisions"}],"wp:attachment":[{"href":"https:\/\/www.oparanews.com.br\/index.php\/wp-json\/wp\/v2\/media?parent=4997"}],"wp:term":[{"taxonomy":"category","embeddable":true,"href":"https:\/\/www.oparanews.com.br\/index.php\/wp-json\/wp\/v2\/categories?post=4997"},{"taxonomy":"post_tag","embeddable":true,"href":"https:\/\/www.oparanews.com.br\/index.php\/wp-json\/wp\/v2\/tags?post=4997"}],"curies":[{"name":"wp","href":"https:\/\/api.w.org\/{rel}","templated":true}]}}