{"id":5045,"date":"2020-03-31T02:58:53","date_gmt":"2020-03-31T02:58:53","guid":{"rendered":"https:\/\/oparanews.com.br\/?p=5045"},"modified":"2020-03-31T02:58:53","modified_gmt":"2020-03-31T02:58:53","slug":"ramon-e-anunciado-como-novo-tecnico-do-vasco","status":"publish","type":"post","link":"https:\/\/www.oparanews.com.br\/index.php\/2020\/03\/31\/ramon-e-anunciado-como-novo-tecnico-do-vasco\/","title":{"rendered":"Ramon \u00e9 anunciado como novo t\u00e9cnico do Vasco"},"content":{"rendered":"<p>A reuni\u00e3o foi definitiva. Ap\u00f3s pouco mais de uma hora, a dire\u00e7\u00e3o de futebol do Vasco decidiu pela efetiva\u00e7\u00e3o de Ramon Menezes, antes auxiliar-t\u00e9cnico, como o novo treinador do time principal. O ex-meia ter\u00e1 seu ex-comandante no Vasco como coordenador-t\u00e9cnico: Ant\u00f4nio Lopes.<\/p>\n<p>Confira a nota publicada no site oficial do Vasco:<\/p>\n<p>&#8220;O Club de Regatas Vasco da Gama comunica que Ramon Menezes ser\u00e1 efetivado como treinador em substitui\u00e7\u00e3o a Abel Braga. A escolha se deu nesta segunda-feira (30\/03) ap\u00f3s reuni\u00e3o entre o Presidente da Diretoria Administrativa, Alexandre Campello, o Vice de Futebol, Jos\u00e9 Luis Moreira, e o Executivo de Futebol, Andr\u00e9 Mazzuco.<\/p>\n<p>Multicampe\u00e3o pelo Vasco como atleta no fim da d\u00e9cada de 90, Ramon retornou a S\u00e3o Janu\u00e1rio no in\u00edcio de 2019 para ser auxiliar-t\u00e9cnico permanente. Com a sa\u00edda de Abel, recebe sua primeira oportunidade como treinador no Clube onde viveu os melhores momentos de sua carreira.<\/p>\n<p><strong>Ant\u00f4nio Lopes de volta<\/strong><\/p>\n<p>Junto com a efetiva\u00e7\u00e3o de Ramon, o Clube anuncia ainda que Ant\u00f4nio Lopes est\u00e1 de volta ao Vasco. T\u00e9cnico em algumas das principais conquistas do Cruzmaltino, entre elas o Campeonato Brasileiro de 1997, a Copa Libertadores de 1998 e o Torneio Rio-S\u00e3o Paulo de 1999, Lopes ser\u00e1 o novo coordenador-t\u00e9cnico, fun\u00e7\u00e3o que ocupou nos \u00faltimos clubes pelos quais passou. No Vasco, sua \u00faltima passagem como t\u00e9cnico foi em 2008.&#8221;<\/p>\n<p>&nbsp;<\/p>\n<p><strong>Fonte: Terra<\/strong><\/p>\n<p>&nbsp;<\/p>\n","protected":false},"excerpt":{"rendered":"<p>A reuni\u00e3o foi definitiva. Ap\u00f3s pouco mais de uma hora, a dire\u00e7\u00e3o de futebol do Vasco decidiu pela efetiva\u00e7\u00e3o de Ramon Menezes, antes auxiliar-t\u00e9cnico, como o novo treinador do time principal. O ex-meia ter\u00e1 seu ex-comandante no Vasco como coordenador-t\u00e9cnico: Ant\u00f4nio Lopes. Confira a nota publicada no site oficial do Vasco: &#8220;O Club de Regatas &hellip;<\/p>\n","protected":false},"author":1,"featured_media":5046,"comment_status":"open","ping_status":"open","sticky":false,"template":"","format":"standard","meta":{"_jetpack_newsletter_access":"","_jetpack_dont_email_post_to_subs":false,"_jetpack_newsletter_tier_id":0,"_jetpack_memberships_contains_paywalled_content":false,"_jetpack_memberships_contains_paid_content":false,"footnotes":""},"categories":[1],"tags":[],"class_list":["post-5045","post","type-post","status-publish","format-standard","has-post-thumbnail","hentry","category-destaque"],"jetpack_sharing_enabled":true,"jetpack_featured_media_url":"","_links":{"self":[{"href":"https:\/\/www.oparanews.com.br\/index.php\/wp-json\/wp\/v2\/posts\/5045","targetHints":{"allow":["GET"]}}],"collection":[{"href":"https:\/\/www.oparanews.com.br\/index.php\/wp-json\/wp\/v2\/posts"}],"about":[{"href":"https:\/\/www.oparanews.com.br\/index.php\/wp-json\/wp\/v2\/types\/post"}],"author":[{"embeddable":true,"href":"https:\/\/www.oparanews.com.br\/index.php\/wp-json\/wp\/v2\/users\/1"}],"replies":[{"embeddable":true,"href":"https:\/\/www.oparanews.com.br\/index.php\/wp-json\/wp\/v2\/comments?post=5045"}],"version-history":[{"count":0,"href":"https:\/\/www.oparanews.com.br\/index.php\/wp-json\/wp\/v2\/posts\/5045\/revisions"}],"wp:attachment":[{"href":"https:\/\/www.oparanews.com.br\/index.php\/wp-json\/wp\/v2\/media?parent=5045"}],"wp:term":[{"taxonomy":"category","embeddable":true,"href":"https:\/\/www.oparanews.com.br\/index.php\/wp-json\/wp\/v2\/categories?post=5045"},{"taxonomy":"post_tag","embeddable":true,"href":"https:\/\/www.oparanews.com.br\/index.php\/wp-json\/wp\/v2\/tags?post=5045"}],"curies":[{"name":"wp","href":"https:\/\/api.w.org\/{rel}","templated":true}]}}