{"id":5052,"date":"2020-03-31T20:00:11","date_gmt":"2020-03-31T20:00:11","guid":{"rendered":"https:\/\/oparanews.com.br\/?p=5052"},"modified":"2020-03-31T20:00:11","modified_gmt":"2020-03-31T20:00:11","slug":"alagoas-registra-primeira-morte-por-coronavirus","status":"publish","type":"post","link":"https:\/\/www.oparanews.com.br\/index.php\/2020\/03\/31\/alagoas-registra-primeira-morte-por-coronavirus\/","title":{"rendered":"Alagoas registra primeira morte por coronav\u00edrus"},"content":{"rendered":"<p>A Secretaria de Estado da Sa\u00fade (Sesau) informa que, nesta ter\u00e7a-feira (31), foi registrado o primeiro \u00f3bito confirmado pela Covid-19 em Alagoas, conforme exame realizado pelo Laborat\u00f3rio Central de Alagoas (Lacen\/AL).<\/p>\n<p>A Sesau esclarece que a v\u00edtima, do sexo masculino, tinha 63 anos, e estava internada com respira\u00e7\u00e3o artificial. A Sesau ressalta ainda que a v\u00edtima \u00e9 natural do Acre e residia na capital alagoana h\u00e1 seis meses, n\u00e3o havendo hist\u00f3rico de viagem para fora do Estado. Segundo o prontu\u00e1rio m\u00e9dico, ele era diab\u00e9tico e seus familiares est\u00e3o em isolamento domiciliar, sendo monitorados pelo Centro de Informa\u00e7\u00f5es Estrat\u00e9gicas em Vigil\u00e2ncia em Sa\u00fade (CIEVS).<\/p>\n<p>&nbsp;<\/p>\n<p><strong>Fonte: Ag\u00eancia Alagoas<\/strong><\/p>\n<p>&nbsp;<\/p>\n","protected":false},"excerpt":{"rendered":"<p>A Secretaria de Estado da Sa\u00fade (Sesau) informa que, nesta ter\u00e7a-feira (31), foi registrado o primeiro \u00f3bito confirmado pela Covid-19 em Alagoas, conforme exame realizado pelo Laborat\u00f3rio Central de Alagoas (Lacen\/AL). A Sesau esclarece que a v\u00edtima, do sexo masculino, tinha 63 anos, e estava internada com respira\u00e7\u00e3o artificial. A Sesau ressalta ainda que a &hellip;<\/p>\n","protected":false},"author":1,"featured_media":5053,"comment_status":"open","ping_status":"open","sticky":false,"template":"","format":"standard","meta":{"_jetpack_newsletter_access":"","_jetpack_dont_email_post_to_subs":false,"_jetpack_newsletter_tier_id":0,"_jetpack_memberships_contains_paywalled_content":false,"_jetpack_memberships_contains_paid_content":false,"footnotes":""},"categories":[1],"tags":[],"class_list":["post-5052","post","type-post","status-publish","format-standard","has-post-thumbnail","hentry","category-destaque"],"jetpack_sharing_enabled":true,"jetpack_featured_media_url":"","_links":{"self":[{"href":"https:\/\/www.oparanews.com.br\/index.php\/wp-json\/wp\/v2\/posts\/5052","targetHints":{"allow":["GET"]}}],"collection":[{"href":"https:\/\/www.oparanews.com.br\/index.php\/wp-json\/wp\/v2\/posts"}],"about":[{"href":"https:\/\/www.oparanews.com.br\/index.php\/wp-json\/wp\/v2\/types\/post"}],"author":[{"embeddable":true,"href":"https:\/\/www.oparanews.com.br\/index.php\/wp-json\/wp\/v2\/users\/1"}],"replies":[{"embeddable":true,"href":"https:\/\/www.oparanews.com.br\/index.php\/wp-json\/wp\/v2\/comments?post=5052"}],"version-history":[{"count":0,"href":"https:\/\/www.oparanews.com.br\/index.php\/wp-json\/wp\/v2\/posts\/5052\/revisions"}],"wp:attachment":[{"href":"https:\/\/www.oparanews.com.br\/index.php\/wp-json\/wp\/v2\/media?parent=5052"}],"wp:term":[{"taxonomy":"category","embeddable":true,"href":"https:\/\/www.oparanews.com.br\/index.php\/wp-json\/wp\/v2\/categories?post=5052"},{"taxonomy":"post_tag","embeddable":true,"href":"https:\/\/www.oparanews.com.br\/index.php\/wp-json\/wp\/v2\/tags?post=5052"}],"curies":[{"name":"wp","href":"https:\/\/api.w.org\/{rel}","templated":true}]}}