{"id":5109,"date":"2020-04-02T02:25:30","date_gmt":"2020-04-02T02:25:30","guid":{"rendered":"https:\/\/oparanews.com.br\/?p=5109"},"modified":"2020-04-02T02:25:30","modified_gmt":"2020-04-02T02:25:30","slug":"prazo-de-entrega-do-imposto-de-renda-e-adiado-para-30-de-junho","status":"publish","type":"post","link":"https:\/\/www.oparanews.com.br\/index.php\/2020\/04\/02\/prazo-de-entrega-do-imposto-de-renda-e-adiado-para-30-de-junho\/","title":{"rendered":"Prazo de entrega do Imposto de Renda \u00e9 adiado para 30 de junho"},"content":{"rendered":"<p>O secret\u00e1rio da Receita Federal, Jos\u00e9 Tostes Neto, anunciou nesta quarta-feira (1\u00ba) a prorroga\u00e7\u00e3o do prazo de entrega da declara\u00e7\u00e3o de Imposto de Renda da Pessoa F\u00edsica (IRPF) por 60 dias.<\/p>\n<p>Com isso, o prazo para a entrega da declara\u00e7\u00e3o de 2020 passa de 30 de abril para 30 de junho.<\/p>\n<p>&#8220;Esse prazo venceria no pr\u00f3ximo dia 30 de abril e est\u00e1 sendo prorrogado para entrega no dia 30 de junho. Portanto prorroga\u00e7\u00e3o por dois meses do prazo de entrega das pessoas f\u00edsicas&#8221;, afirmou o secret\u00e1rio.<\/p>\n<p>A Receita ainda avalia se ser\u00e1 mantido o prazo do primeiro lote da restitui\u00e7\u00e3o, previsto para 30 de maio.<\/p>\n<p>Tostes Neto deu as informa\u00e7\u00f5es em uma entrevista coletiva no Pal\u00e1cio do Planalto ao lado de outros integrantes da equipe econ\u00f4mica do governo.<\/p>\n<p>De acordo com o \u00faltimo balan\u00e7o divulgado pela Receita, em 30 de mar\u00e7o, foram recebidas pelo \u00f3rg\u00e3o 8,1 milh\u00f5es de declara\u00e7\u00f5es \u2013 cerca de 25% do total.<\/p>\n<p>A expectativa, segundo o governo federal, \u00e9 que 32 milh\u00f5es de contribuintes fa\u00e7am a declara\u00e7\u00e3o em 2020.<\/p>\n<p><strong>Impacto do coronav\u00edrus<\/strong><\/p>\n<p>H\u00e1 cerca de duas semanas, o secret\u00e1rio Tostes Neto afirmou que a Receita avaliaria o adiamento do prazo em raz\u00e3o do avan\u00e7o da pandemia do novo coronav\u00edrus.<\/p>\n<p>Na ocasi\u00e3o, explicou que o \u00f3rg\u00e3o avaliaria o impacto da crise nas condi\u00e7\u00f5es do contribuinte de declarar o imposto.<\/p>\n<p>&nbsp;<\/p>\n<p><strong>Fonte: G1<\/strong><\/p>\n<p>&nbsp;<\/p>\n","protected":false},"excerpt":{"rendered":"<p>O secret\u00e1rio da Receita Federal, Jos\u00e9 Tostes Neto, anunciou nesta quarta-feira (1\u00ba) a prorroga\u00e7\u00e3o do prazo de entrega da declara\u00e7\u00e3o de Imposto de Renda da Pessoa F\u00edsica (IRPF) por 60 dias. Com isso, o prazo para a entrega da declara\u00e7\u00e3o de 2020 passa de 30 de abril para 30 de junho. &#8220;Esse prazo venceria no &hellip;<\/p>\n","protected":false},"author":1,"featured_media":5110,"comment_status":"open","ping_status":"open","sticky":false,"template":"","format":"standard","meta":{"_jetpack_newsletter_access":"","_jetpack_dont_email_post_to_subs":false,"_jetpack_newsletter_tier_id":0,"_jetpack_memberships_contains_paywalled_content":false,"_jetpack_memberships_contains_paid_content":false,"footnotes":""},"categories":[1],"tags":[],"class_list":["post-5109","post","type-post","status-publish","format-standard","has-post-thumbnail","hentry","category-destaque"],"jetpack_sharing_enabled":true,"jetpack_featured_media_url":"","_links":{"self":[{"href":"https:\/\/www.oparanews.com.br\/index.php\/wp-json\/wp\/v2\/posts\/5109","targetHints":{"allow":["GET"]}}],"collection":[{"href":"https:\/\/www.oparanews.com.br\/index.php\/wp-json\/wp\/v2\/posts"}],"about":[{"href":"https:\/\/www.oparanews.com.br\/index.php\/wp-json\/wp\/v2\/types\/post"}],"author":[{"embeddable":true,"href":"https:\/\/www.oparanews.com.br\/index.php\/wp-json\/wp\/v2\/users\/1"}],"replies":[{"embeddable":true,"href":"https:\/\/www.oparanews.com.br\/index.php\/wp-json\/wp\/v2\/comments?post=5109"}],"version-history":[{"count":0,"href":"https:\/\/www.oparanews.com.br\/index.php\/wp-json\/wp\/v2\/posts\/5109\/revisions"}],"wp:attachment":[{"href":"https:\/\/www.oparanews.com.br\/index.php\/wp-json\/wp\/v2\/media?parent=5109"}],"wp:term":[{"taxonomy":"category","embeddable":true,"href":"https:\/\/www.oparanews.com.br\/index.php\/wp-json\/wp\/v2\/categories?post=5109"},{"taxonomy":"post_tag","embeddable":true,"href":"https:\/\/www.oparanews.com.br\/index.php\/wp-json\/wp\/v2\/tags?post=5109"}],"curies":[{"name":"wp","href":"https:\/\/api.w.org\/{rel}","templated":true}]}}