{"id":5130,"date":"2020-04-03T01:57:13","date_gmt":"2020-04-03T01:57:13","guid":{"rendered":"https:\/\/oparanews.com.br\/?p=5130"},"modified":"2020-04-03T01:57:13","modified_gmt":"2020-04-03T01:57:13","slug":"bolsonaro-sanciona-lei-que-garante-auxilio-de-r-600","status":"publish","type":"post","link":"https:\/\/www.oparanews.com.br\/index.php\/2020\/04\/03\/bolsonaro-sanciona-lei-que-garante-auxilio-de-r-600\/","title":{"rendered":"Bolsonaro sanciona lei que garante aux\u00edlio de R$ 600"},"content":{"rendered":"<p>Mais de 24 horas depois do an\u00fancio da san\u00e7\u00e3o, o governo publicou em edi\u00e7\u00e3o extra do Di\u00e1rio Oficial da Uni\u00e3o (DOU) a lei que garante o pagamento do aux\u00edlio emergencial de R$ 600 a trabalhadores informais, intermitentes e empreendedores individuais.<\/p>\n<p>O benef\u00edcio ser\u00e1 repassado por tr\u00eas meses e ser\u00e1 pago em dobro para mulheres chefes de fam\u00edlia (R$ 1,2 mil). Junto com a san\u00e7\u00e3o da lei que cria a ajuda, o presidente Jair Bolsonaro editou uma Medida Provis\u00f3ria (MP) que abre cr\u00e9dito extra de R$ 98,2 bilh\u00f5es ao Minist\u00e9rio da Cidadania para pagar o benef\u00edcio. A medida tem vig\u00eancia imediata mas precisa ser aprovada pelo Congresso em at\u00e9 120 dias. Os recursos, segundo o texto da MP, vir\u00e3o do cancelamento dos servi\u00e7os da d\u00edvida p\u00fablica federal interna.<\/p>\n<p>O governo tem pela frente o desafio de localizar quase 11 milh\u00f5es de trabalhadores informais que hoje est\u00e3o completamente fora dos cadastros oficiais, mas ser\u00e3o eleg\u00edveis ao aux\u00edlio emergencial de R$ 600 durante a crise do novo coronav\u00edrus. A estimativa foi feita pelo Instituto de Pesquisa Econ\u00f4mica Aplicada (Ipea), que alertou para a necessidade de enfrentar o problema com \u201curg\u00eancia proporcional \u00e0 situa\u00e7\u00e3o de calamidade\u201d.<\/p>\n<p>A lei prev\u00ea a possibilidade de \u2018autodeclara\u00e7\u00e3o\u2019, cujo modelo ainda est\u00e1 sendo desenvolvido. Desde j\u00e1, por\u00e9m, os t\u00e9cnicos querem evitar qualquer etapa presencial, num momento em que as autoridades sanit\u00e1rias recomendam o isolamento como medida de combate \u00e0 covid-19.<\/p>\n<p>O ministro da Cidadania, Onyx Lorenzoni, afirmou ontem que o pagamento ser\u00e1 feito por bancos federais (BB, Caixa, Banco do Nordeste e Banco da Amaz\u00f4nia) e que a pasta tamb\u00e9m est\u00e1 trabalhando com a possibilidade de ag\u00eancias lot\u00e9ricas e dos Correios efetuarem os pagamentos.<\/p>\n<p>Ele disse que ainda n\u00e3o \u00e9 o momento de as pessoas procurarem os bancos e tamb\u00e9m disse que os trabalhadores devem tomar cuidado com golpistas que querem fraudar o sistema. Segundo Onyx, os primeiros a receberem o aux\u00edlio ser\u00e3o os benefici\u00e1rios do Bolsa Fam\u00edlia a partir do dia 10 de abril.<\/p>\n<p>Al\u00e9m do aux\u00edlio emergencial, tamb\u00e9m ser\u00e1 paga uma antecipa\u00e7\u00e3o de R$ 600 a pessoas com defici\u00eancia que ainda aguardam na fila de espera do INSS at\u00e9 a concess\u00e3o do Benef\u00edcio de Presta\u00e7\u00e3o Continuada (BPC).<\/p>\n<p>Inicialmente, o governo havia proposto um benef\u00edcio de R$ 200 mensais. O relator do projeto na C\u00e2mara, deputado Marcelo Aro (PP-MG), decidiu subir o valor a R$ 500, mas na \u00faltima quinta-feira o presidente Jair Bolsonaro deu aval para subir para R$ 600.<\/p>\n<p>Os valores ser\u00e3o pagos durante tr\u00eas meses, podendo ser prorrogados enquanto durar a calamidade p\u00fablica devido \u00e0 pandemia do novo coronav\u00edrus. A Institui\u00e7\u00e3o Fiscal Independente (IFI) do Senado calcula que 30,5 milh\u00f5es de trabalhadores ser\u00e3o beneficiados. O gasto foi estimado em R$ 59,8 bilh\u00f5es nos tr\u00eas meses.<\/p>\n<p><strong>Trabalhadores intermitentes<\/strong><\/p>\n<p>No Senado, houve mudan\u00e7a na reda\u00e7\u00e3o para deixar claro que o trabalhador intermitente que estiver com o contrato inativo (ou seja, n\u00e3o est\u00e1 trabalhando nem recebendo sal\u00e1rio no momento) tamb\u00e9m ter\u00e1 direito ao aux\u00edlio. S\u00e3o gar\u00e7ons, atendentes, entre outros trabalhadores que atuam sob demanda, mas est\u00e3o com dificuldades de encontrar trabalho neste momento.<\/p>\n<p>O trabalho intermitente \u00e9 uma modalidade de contrato criada na \u00faltima reforma trabalhista, em 2017. Um empregado pode ter v\u00e1rios contratos intermitentes e atuar conforme a demanda do estabelecimento. Quando n\u00e3o h\u00e1 necessidade de trabalho, o contrato fica \u201cinativo\u201d.<\/p>\n<p><strong>Quem tem direito<\/strong><\/p>\n<p>Poder\u00e3o solicitar o benef\u00edcio maiores de 18 anos que n\u00e3o tenham emprego formal, nem recebam benef\u00edcio previdenci\u00e1rio (aposentadoria ou pens\u00e3o), assistencial (como BPC), seguro-desemprego ou sejam contemplados por programa federal de transfer\u00eancia de renda \u2013 a \u00fanica exce\u00e7\u00e3o ser\u00e1 o Bolsa Fam\u00edlia.<\/p>\n<p>Os benefici\u00e1rios tamb\u00e9m precisam ter renda mensal per capita de at\u00e9 meio sal\u00e1rio m\u00ednimo (R$ 552,50) ou a renda familiar mensal total de at\u00e9 tr\u00eas sal\u00e1rios m\u00ednimos (R$ 3.135); no ano de 2018, n\u00e3o podem ter recebido rendimentos tribut\u00e1veis acima de R$ 28.559,70 e precisam ser microempreendedor individual (MEI), contribuinte aut\u00f4nomo da Previd\u00eancia ou cadastrado no Cad\u00danico at\u00e9 20 de mar\u00e7o. Tamb\u00e9m ser\u00e1 poss\u00edvel preencher uma autodeclara\u00e7\u00e3o a ser disponibilizada pelo governo.<\/p>\n<p>No caso de benefici\u00e1rios do Bolsa Fam\u00edlia, dois membros da mesma fam\u00edlia poder\u00e3o acumular com o aux\u00edlio emergencial, que vai substituir o Bolsa temporariamente caso o valor seja mais vantajoso.<\/p>\n<p>O projeto aprovado tamb\u00e9m inclui a proposta do governo de antecipa\u00e7\u00e3o de um sal\u00e1rio m\u00ednimo (R$ 1.045) a quem aguarda per\u00edcia m\u00e9dica para o recebimento de aux\u00edlio-doen\u00e7a, mediante apresenta\u00e7\u00e3o de um atestado m\u00e9dico. O texto ainda traz a dispensa \u00e0s empresas do pagamento dos primeiros 15 dias de afastamento do trabalhador devido ao novo coronav\u00edrus. De acordo com o texto, as companhias poder\u00e3o deixar de recolher o valor devido ao INSS, at\u00e9 o limite do teto do regime geral (R$ 6.101,06).<\/p>\n<p><strong>Vetos<\/strong><\/p>\n<p>O presidente Jair Bolsonaro vetou tr\u00eas itens do texto aprovado pelo Congresso Nacional. Segundo o Planalto, esses vetos foram orientados pelos minist\u00e9rios da Economia e da Cidadania. Com o veto, essas condi\u00e7\u00f5es ficam exclu\u00eddas do texto que entrar\u00e1 em vigor. Os vetos ser\u00e3o analisados pelo Congresso, que pode derrubar os trechos em definitivo ou restaurar a validade dessas regras.<\/p>\n<p>O principal trecho vetado \u00e9 o que garantia, na nova lei, a amplia\u00e7\u00e3o do Benef\u00edcio de Presta\u00e7\u00e3o Continuada (BPC) definida pelo Congresso no in\u00edcio de mar\u00e7o. Essa amplia\u00e7\u00e3o, segundo o governo federal, tem impacto de R$ 20 bilh\u00f5es ao ano nas contas p\u00fablicas.<\/p>\n<p>A extens\u00e3o do BPC foi definida quando o Congresso derrubou um veto de Bolsonaro ao tema. O ministro Bruno Dantas, do Tribunal de Contas da Uni\u00e3o (TCU), chegou a adiar a mudan\u00e7a nas regras at\u00e9 a defini\u00e7\u00e3o de medidas \u201ccompensat\u00f3rias\u201d para esse custo extra.<\/p>\n<p>Dias depois, Dantas mudou de ideia e suspendeu todas as decis\u00f5es por 15 dias. Segundo o ministro, a flexibiliza\u00e7\u00e3o das regras fiscais e de austeridade no contexto da pandemia do coronav\u00edrus poderia ser aproveitada, tamb\u00e9m, para garantir a inclus\u00e3o de novos benefici\u00e1rios no BPC.<\/p>\n<p>Enquanto n\u00e3o h\u00e1 resposta definitiva, os parlamentares voltaram a incluir o tema na lei do aux\u00edlio emergencial. E, na an\u00e1lise final, Bolsonaro voltou a vetar o dispositivo. Segundo o governo, a medida fere a Constitui\u00e7\u00e3o e a Lei de Responsabilidade Fiscal (LRF).<\/p>\n<p>O governo tamb\u00e9m vetou um dispositivo, aprovado pelo Congresso, que cancelava o aux\u00edlio emergencial do benefici\u00e1rio que, ao longo dos tr\u00eas meses, deixasse de atender aos pr\u00e9-requisitos.<\/p>\n<p>Segundo o governo, esse ponto \u201ccontraria o interesse p\u00fablico\u201d e gera um esfor\u00e7o desnecess\u00e1rio de confer\u00eancia, m\u00eas a m\u00eas, de todos os benef\u00edcios que estar\u00e3o sendo pagos. O Minist\u00e9rio da Cidadania defende que \u00e9 prefer\u00edvel \u201cconcentrar esfor\u00e7os e custos operacionais\u201d na constru\u00e7\u00e3o de outras medidas de enfrentamento \u00e0 covid-19.<\/p>\n<p>O Pal\u00e1cio do Planalto tamb\u00e9m decidiu vetar uma regra que restringia o tipo de conta banc\u00e1ria onde o aux\u00edlio poderia ser depositado. Pelo texto aprovado, o benef\u00edcio s\u00f3 poderia ser pago em \u201cconta do tipo poupan\u00e7a social digital, de abertura autom\u00e1tica em nome dos benefici\u00e1rios\u201d, criada para receber recursos exclusivos de programas sociais, do PIS\/Pasep e do FGTS.<\/p>\n<p>&nbsp;<\/p>\n<p><strong>Fonte: ISTO\u00c9<\/strong><\/p>\n<p>&nbsp;<\/p>\n","protected":false},"excerpt":{"rendered":"<p>Mais de 24 horas depois do an\u00fancio da san\u00e7\u00e3o, o governo publicou em edi\u00e7\u00e3o extra do Di\u00e1rio Oficial da Uni\u00e3o (DOU) a lei que garante o pagamento do aux\u00edlio emergencial de R$ 600 a trabalhadores informais, intermitentes e empreendedores individuais. O benef\u00edcio ser\u00e1 repassado por tr\u00eas meses e ser\u00e1 pago em dobro para mulheres chefes &hellip;<\/p>\n","protected":false},"author":1,"featured_media":5131,"comment_status":"open","ping_status":"open","sticky":false,"template":"","format":"standard","meta":{"_jetpack_newsletter_access":"","_jetpack_dont_email_post_to_subs":false,"_jetpack_newsletter_tier_id":0,"_jetpack_memberships_contains_paywalled_content":false,"_jetpack_memberships_contains_paid_content":false,"footnotes":""},"categories":[1],"tags":[],"class_list":["post-5130","post","type-post","status-publish","format-standard","has-post-thumbnail","hentry","category-destaque"],"jetpack_sharing_enabled":true,"jetpack_featured_media_url":"","_links":{"self":[{"href":"https:\/\/www.oparanews.com.br\/index.php\/wp-json\/wp\/v2\/posts\/5130","targetHints":{"allow":["GET"]}}],"collection":[{"href":"https:\/\/www.oparanews.com.br\/index.php\/wp-json\/wp\/v2\/posts"}],"about":[{"href":"https:\/\/www.oparanews.com.br\/index.php\/wp-json\/wp\/v2\/types\/post"}],"author":[{"embeddable":true,"href":"https:\/\/www.oparanews.com.br\/index.php\/wp-json\/wp\/v2\/users\/1"}],"replies":[{"embeddable":true,"href":"https:\/\/www.oparanews.com.br\/index.php\/wp-json\/wp\/v2\/comments?post=5130"}],"version-history":[{"count":0,"href":"https:\/\/www.oparanews.com.br\/index.php\/wp-json\/wp\/v2\/posts\/5130\/revisions"}],"wp:attachment":[{"href":"https:\/\/www.oparanews.com.br\/index.php\/wp-json\/wp\/v2\/media?parent=5130"}],"wp:term":[{"taxonomy":"category","embeddable":true,"href":"https:\/\/www.oparanews.com.br\/index.php\/wp-json\/wp\/v2\/categories?post=5130"},{"taxonomy":"post_tag","embeddable":true,"href":"https:\/\/www.oparanews.com.br\/index.php\/wp-json\/wp\/v2\/tags?post=5130"}],"curies":[{"name":"wp","href":"https:\/\/api.w.org\/{rel}","templated":true}]}}