{"id":5133,"date":"2020-04-03T02:00:07","date_gmt":"2020-04-03T02:00:07","guid":{"rendered":"https:\/\/oparanews.com.br\/?p=5133"},"modified":"2020-04-03T02:00:07","modified_gmt":"2020-04-03T02:00:07","slug":"primeiro-caso-da-covid-19-no-brasil-e-de-janeiro-diz-saude","status":"publish","type":"post","link":"https:\/\/www.oparanews.com.br\/index.php\/2020\/04\/03\/primeiro-caso-da-covid-19-no-brasil-e-de-janeiro-diz-saude\/","title":{"rendered":"Primeiro caso da covid-19 no Brasil \u00e9 de janeiro, diz Sa\u00fade"},"content":{"rendered":"<p>O Minist\u00e9rio da Sa\u00fade informou nesta quinta-feira, 2, que detectou registro do primeiro caso de novo coronav\u00edrus no Brasil em 23 de janeiro. Antes, a pasta considerava um diagn\u00f3stico divulgado em 26 de fevereiro como sendo a chegada da doen\u00e7a no Pa\u00eds.<\/p>\n<p>O minist\u00e9rio n\u00e3o deu detalhes sobre a primeira infec\u00e7\u00e3o no Brasil. &#8220;Havia circula\u00e7\u00e3o inicial de casos (da covid-19) j\u00e1 no final de janeiro de 2019&#8221;, disse o secret\u00e1rio nacional de Vigil\u00e2ncia em Sa\u00fade, Wanderson de Oliveira, em entrevista no Pal\u00e1cio do Planalto sobre o balan\u00e7o da pandemia no Brasil.<\/p>\n<p>Oliveira explicou que o paciente foi identificado a partir da an\u00e1lise de interna\u00e7\u00f5es passadas por s\u00edndrome respirat\u00f3ria aguda grave (SRAG). O pa\u00eds registra forte alta de hospitaliza\u00e7\u00f5es por este tipo de doen\u00e7a em 2020, indicando subnotifica\u00e7\u00e3o de casos da covid-19.<\/p>\n<p>Na semana que se encerrou em 21 de mar\u00e7o (12\u00aa semana epidemiol\u00f3gica), o Pa\u00eds teve 7771 hospitaliza\u00e7\u00f5es por SRAG, que podem incluir casos da covid-19, contra 1061 no mesmo intervalo do ano anterior. Em 2020, o aumento de interna\u00e7\u00f5es deste tipo \u00e9 de 197%.<\/p>\n<p>O secret\u00e1rio de Vigil\u00e2ncia em Sa\u00fade disse que esta descoberta de casos anteriores \u00e9 normal. Ele lembrou o surto de Zika, em 2014, quando no ano seguinte descobriram um novo &#8220;primeiro caso&#8221; no Pa\u00eds.<\/p>\n<p>&nbsp;<\/p>\n<p><strong>Fonte: Terra<\/strong><\/p>\n<p>&nbsp;<\/p>\n","protected":false},"excerpt":{"rendered":"<p>O Minist\u00e9rio da Sa\u00fade informou nesta quinta-feira, 2, que detectou registro do primeiro caso de novo coronav\u00edrus no Brasil em 23 de janeiro. Antes, a pasta considerava um diagn\u00f3stico divulgado em 26 de fevereiro como sendo a chegada da doen\u00e7a no Pa\u00eds. O minist\u00e9rio n\u00e3o deu detalhes sobre a primeira infec\u00e7\u00e3o no Brasil. &#8220;Havia circula\u00e7\u00e3o &hellip;<\/p>\n","protected":false},"author":1,"featured_media":5134,"comment_status":"open","ping_status":"open","sticky":false,"template":"","format":"standard","meta":{"_jetpack_newsletter_access":"","_jetpack_dont_email_post_to_subs":false,"_jetpack_newsletter_tier_id":0,"_jetpack_memberships_contains_paywalled_content":false,"_jetpack_memberships_contains_paid_content":false,"footnotes":""},"categories":[1],"tags":[],"class_list":["post-5133","post","type-post","status-publish","format-standard","has-post-thumbnail","hentry","category-destaque"],"jetpack_sharing_enabled":true,"jetpack_featured_media_url":"","_links":{"self":[{"href":"https:\/\/www.oparanews.com.br\/index.php\/wp-json\/wp\/v2\/posts\/5133","targetHints":{"allow":["GET"]}}],"collection":[{"href":"https:\/\/www.oparanews.com.br\/index.php\/wp-json\/wp\/v2\/posts"}],"about":[{"href":"https:\/\/www.oparanews.com.br\/index.php\/wp-json\/wp\/v2\/types\/post"}],"author":[{"embeddable":true,"href":"https:\/\/www.oparanews.com.br\/index.php\/wp-json\/wp\/v2\/users\/1"}],"replies":[{"embeddable":true,"href":"https:\/\/www.oparanews.com.br\/index.php\/wp-json\/wp\/v2\/comments?post=5133"}],"version-history":[{"count":0,"href":"https:\/\/www.oparanews.com.br\/index.php\/wp-json\/wp\/v2\/posts\/5133\/revisions"}],"wp:attachment":[{"href":"https:\/\/www.oparanews.com.br\/index.php\/wp-json\/wp\/v2\/media?parent=5133"}],"wp:term":[{"taxonomy":"category","embeddable":true,"href":"https:\/\/www.oparanews.com.br\/index.php\/wp-json\/wp\/v2\/categories?post=5133"},{"taxonomy":"post_tag","embeddable":true,"href":"https:\/\/www.oparanews.com.br\/index.php\/wp-json\/wp\/v2\/tags?post=5133"}],"curies":[{"name":"wp","href":"https:\/\/api.w.org\/{rel}","templated":true}]}}