{"id":5145,"date":"2020-04-03T02:31:37","date_gmt":"2020-04-03T02:31:37","guid":{"rendered":"https:\/\/oparanews.com.br\/?p=5145"},"modified":"2020-04-03T02:31:37","modified_gmt":"2020-04-03T02:31:37","slug":"faf-diz-que-precisa-de-seis-datas-para-concluir-o-campeonato-alagoano","status":"publish","type":"post","link":"https:\/\/www.oparanews.com.br\/index.php\/2020\/04\/03\/faf-diz-que-precisa-de-seis-datas-para-concluir-o-campeonato-alagoano\/","title":{"rendered":"FAF diz que precisa de seis datas para concluir o Campeonato Alagoano"},"content":{"rendered":"<p>A situa\u00e7\u00e3o dos Campeonatos Estaduais em todo o Brasil \u00e9 bastante complicada. Que o calend\u00e1rio do futebol brasileiro \u00e9 apertado todo mundo sabe e, em 2020, mais um agravante &#8220;contribui&#8221; para tal: por conta da pandemia da Covid-19, todas as competi\u00e7\u00f5es esportivas tiveram que ser interrompidas por tempo indeterminado, desde o \u00faltimo m\u00eas.<\/p>\n<p>Em Alagoas, o Campeonato Estadual teve que ser paralisado na reta final da primeira fase, restavam a s\u00e9tima e oitava rodadas, respectivamente. Inicialmente, a competi\u00e7\u00e3o foi paralisada no dia 16 de mar\u00e7o e teve dura\u00e7\u00e3o de quinze dias. Ao final deste prazo, a paralisa\u00e7\u00e3o foi ampliada at\u00e9 o dia 20 de abril.<\/p>\n<p>Por\u00e9m, de acordo com infectologistas o pico da pandemia no Brasil dever\u00e1 acontecer entre os dias 25 e 30 de abril, tornando invi\u00e1vel o retorno do Alagoano na data prevista. Al\u00e9m disso, existe a possibilidade de que ap\u00f3s as f\u00e9rias coletivas dos jogadores, iniciadas no dia 1\u00ba de abril e seguidas at\u00e9, pelo menos, o dia 20 deste m\u00eas, aconte\u00e7a uma intertemporada de 20 dias.<\/p>\n<p>Com isso, a situa\u00e7\u00e3o do Campeonato Alagoano se torna ainda mais dif\u00edcil, pois o Campeonato Brasileiro est\u00e1 previsto para ter in\u00edcio no come\u00e7o de maio.<\/p>\n<p>Por causa disso, a preocupa\u00e7\u00e3o \u00e9 grande por parte da Federa\u00e7\u00e3o Alagoana de Futebol (FAF). Em conversa com a Gazetaweb, o diretor de competi\u00e7\u00f5es da entidade, Luciano Sampaio, revelou que Alagoas precisa de um tempo determinado para realizar as duas \u00faltimas rodadas da fase inicial, al\u00e9m de semifinal, final, disputa de terceiro colocado e seletiva para a Copa do Brasil.<\/p>\n<p>&#8220;A gente precisa de seis datas para terminar o Campeonato Estadual, estas seis datas n\u00f3s conseguimos em tr\u00eas semanas. Mas precisamos saber quando o futebol vai voltar e, quando voltar, haver\u00e1 seis datas para terminar o Estadual? Dependendo desta situa\u00e7\u00e3o, veremos se conseguimos finalizar o Alagoano&#8221;, disse o dirigente da FAF.<\/p>\n<p><strong>COMO FICA O ESTADUAL?<\/strong><\/p>\n<p>No caso de n\u00e3o haver disponibilidade nas datas, a entidade m\u00e1xima do futebol alagoano dever\u00e1 repensar maneiras para decidir dois pontos cruciais na competi\u00e7\u00e3o: campe\u00e3o e rebaixado.<\/p>\n<p>A decis\u00e3o sobre o rebaixamento dever\u00e1 ser um problema ainda maior, j\u00e1 que no segundo semestre ser\u00e1 realizado o Campeonato Alagoano da Segunda Divis\u00e3o e o seu respectivo campe\u00e3o carimba vaga na elite estadual em 2021. Com isso, todas as equipes ter\u00e3o que refazer planejamentos.<\/p>\n<p>Quanto ao campe\u00e3o, o Murici \u00e9 o atual l\u00edder, com 12 pontos, mas com uma diferen\u00e7a de apenas dois pontos para CRB e CSA, segundo e terceiro colocados, respectivamente, ambos com dez pontos. J\u00e1 para o quarto colocado, o CSE, s\u00e3o cinco pontos de diferen\u00e7a.<\/p>\n<p>Diante de tudo isso, tem-se ainda mais a necessidade de decis\u00f5es em campo para se dar o t\u00edtulo do Estadual.<\/p>\n<p>Outra situa\u00e7\u00e3o que tamb\u00e9m dever\u00e1 ser discutida \u00e9 a terceira vaga alagoana na Copa do Brasil. De acordo com o regulamento, isto aconteceria numa disputa entre o campe\u00e3o da Copa Alagoas, o ASA, e o terceiro colocado do Campeonato Alagoano. Na primeira fase, o terceiro colocado neste momento \u00e9 o CSA.<\/p>\n<p>&nbsp;<\/p>\n<p><strong>por Jean Nascimento\/Gazetaweb<\/strong><\/p>\n<p>&nbsp;<\/p>\n","protected":false},"excerpt":{"rendered":"<p>A situa\u00e7\u00e3o dos Campeonatos Estaduais em todo o Brasil \u00e9 bastante complicada. Que o calend\u00e1rio do futebol brasileiro \u00e9 apertado todo mundo sabe e, em 2020, mais um agravante &#8220;contribui&#8221; para tal: por conta da pandemia da Covid-19, todas as competi\u00e7\u00f5es esportivas tiveram que ser interrompidas por tempo indeterminado, desde o \u00faltimo m\u00eas. Em Alagoas, &hellip;<\/p>\n","protected":false},"author":1,"featured_media":5146,"comment_status":"open","ping_status":"open","sticky":false,"template":"","format":"standard","meta":{"_jetpack_newsletter_access":"","_jetpack_dont_email_post_to_subs":false,"_jetpack_newsletter_tier_id":0,"_jetpack_memberships_contains_paywalled_content":false,"_jetpack_memberships_contains_paid_content":false,"footnotes":""},"categories":[1],"tags":[],"class_list":["post-5145","post","type-post","status-publish","format-standard","has-post-thumbnail","hentry","category-destaque"],"jetpack_sharing_enabled":true,"jetpack_featured_media_url":"","_links":{"self":[{"href":"https:\/\/www.oparanews.com.br\/index.php\/wp-json\/wp\/v2\/posts\/5145","targetHints":{"allow":["GET"]}}],"collection":[{"href":"https:\/\/www.oparanews.com.br\/index.php\/wp-json\/wp\/v2\/posts"}],"about":[{"href":"https:\/\/www.oparanews.com.br\/index.php\/wp-json\/wp\/v2\/types\/post"}],"author":[{"embeddable":true,"href":"https:\/\/www.oparanews.com.br\/index.php\/wp-json\/wp\/v2\/users\/1"}],"replies":[{"embeddable":true,"href":"https:\/\/www.oparanews.com.br\/index.php\/wp-json\/wp\/v2\/comments?post=5145"}],"version-history":[{"count":0,"href":"https:\/\/www.oparanews.com.br\/index.php\/wp-json\/wp\/v2\/posts\/5145\/revisions"}],"wp:attachment":[{"href":"https:\/\/www.oparanews.com.br\/index.php\/wp-json\/wp\/v2\/media?parent=5145"}],"wp:term":[{"taxonomy":"category","embeddable":true,"href":"https:\/\/www.oparanews.com.br\/index.php\/wp-json\/wp\/v2\/categories?post=5145"},{"taxonomy":"post_tag","embeddable":true,"href":"https:\/\/www.oparanews.com.br\/index.php\/wp-json\/wp\/v2\/tags?post=5145"}],"curies":[{"name":"wp","href":"https:\/\/api.w.org\/{rel}","templated":true}]}}