{"id":5151,"date":"2020-04-03T02:41:37","date_gmt":"2020-04-03T02:41:37","guid":{"rendered":"https:\/\/oparanews.com.br\/?p=5151"},"modified":"2020-04-03T02:41:37","modified_gmt":"2020-04-03T02:41:37","slug":"luana-piovani-afirma-que-pedro-scooby-so-faz-cagada","status":"publish","type":"post","link":"https:\/\/www.oparanews.com.br\/index.php\/2020\/04\/03\/luana-piovani-afirma-que-pedro-scooby-so-faz-cagada\/","title":{"rendered":"Luana Piovani afirma que Pedro Scooby s\u00f3 faz \u201ccagada\u201d"},"content":{"rendered":"<p>Sempre falando o que pensa, Luana Piovani n\u00e3o economizou nas palavras para falar de Pedro Scooby. Durante uma rodada de perguntas feitas pelos seus seguidores, a apresentadora falou sobre os filhos e o ex-esposo.<\/p>\n<p>Questionada sobre como lida com a troca de namoradas do surfista, a artista foi sucinta. \u201cN\u00e3o me diz respeito. Com a primeira, tinha pena dele. Agora, tenho pena dela\u201c, disse Luana, que afirmou que ela e Cintia Dicker pararam de se seguir nas rede sociais.<\/p>\n<p>\u201cEla deve ter ficado chateada que dei com a l\u00edngua nos dentes. Mulher normalmente fica chateada com o mensageiro e nunca com o culpado. Parece cultural, n\u00e9?\u201c, disparou.<\/p>\n<p>Quando uma internauta quis saber a raz\u00e3o de Piovani n\u00e3o conseguir ficar em paz com Pedro, ela responder: \u201cEle s\u00f3 faz cagada, fia. N\u00e3o serei eu que passarei a m\u00e3o na cabe\u00e7a dele, n\u00e3o. Quanto aos meus filhos, preocupa n\u00e3o que t\u00e1 todo mundo bem e sendo amado aqui\u201d.<\/p>\n<p>Nos v\u00eddeos, Luana Piovani ainda explicou que n\u00e3o sofreu com a separa\u00e7\u00e3o em si. \u201cSofri a cada falta dele, sofri a cada vez que olhei ao meu lado e vi que estava sozinha. Sofrimento \u00e9 sentir-se sozinha estando casada\u201c, disse.<\/p>\n<p>\u201cQuando resolvi me separar, meu deu foi al\u00edvio. O que despeda\u00e7a meu cora\u00e7\u00e3o \u00e9 v\u00ea-lo n\u00e3o priorizar os filhos. M\u00e3e n\u00e3o sabe lidar com rejei\u00e7\u00e3o de filho\u201c, completou.<\/p>\n<p>&nbsp;<\/p>\n<p><strong>Fonte: RD1<\/strong><\/p>\n<p>&nbsp;<\/p>\n","protected":false},"excerpt":{"rendered":"<p>Sempre falando o que pensa, Luana Piovani n\u00e3o economizou nas palavras para falar de Pedro Scooby. Durante uma rodada de perguntas feitas pelos seus seguidores, a apresentadora falou sobre os filhos e o ex-esposo. Questionada sobre como lida com a troca de namoradas do surfista, a artista foi sucinta. \u201cN\u00e3o me diz respeito. Com a &hellip;<\/p>\n","protected":false},"author":1,"featured_media":5152,"comment_status":"open","ping_status":"open","sticky":false,"template":"","format":"standard","meta":{"_jetpack_newsletter_access":"","_jetpack_dont_email_post_to_subs":false,"_jetpack_newsletter_tier_id":0,"_jetpack_memberships_contains_paywalled_content":false,"_jetpack_memberships_contains_paid_content":false,"footnotes":""},"categories":[1],"tags":[],"class_list":["post-5151","post","type-post","status-publish","format-standard","has-post-thumbnail","hentry","category-destaque"],"jetpack_sharing_enabled":true,"jetpack_featured_media_url":"","_links":{"self":[{"href":"https:\/\/www.oparanews.com.br\/index.php\/wp-json\/wp\/v2\/posts\/5151","targetHints":{"allow":["GET"]}}],"collection":[{"href":"https:\/\/www.oparanews.com.br\/index.php\/wp-json\/wp\/v2\/posts"}],"about":[{"href":"https:\/\/www.oparanews.com.br\/index.php\/wp-json\/wp\/v2\/types\/post"}],"author":[{"embeddable":true,"href":"https:\/\/www.oparanews.com.br\/index.php\/wp-json\/wp\/v2\/users\/1"}],"replies":[{"embeddable":true,"href":"https:\/\/www.oparanews.com.br\/index.php\/wp-json\/wp\/v2\/comments?post=5151"}],"version-history":[{"count":0,"href":"https:\/\/www.oparanews.com.br\/index.php\/wp-json\/wp\/v2\/posts\/5151\/revisions"}],"wp:attachment":[{"href":"https:\/\/www.oparanews.com.br\/index.php\/wp-json\/wp\/v2\/media?parent=5151"}],"wp:term":[{"taxonomy":"category","embeddable":true,"href":"https:\/\/www.oparanews.com.br\/index.php\/wp-json\/wp\/v2\/categories?post=5151"},{"taxonomy":"post_tag","embeddable":true,"href":"https:\/\/www.oparanews.com.br\/index.php\/wp-json\/wp\/v2\/tags?post=5151"}],"curies":[{"name":"wp","href":"https:\/\/api.w.org\/{rel}","templated":true}]}}