{"id":5160,"date":"2020-04-04T02:13:14","date_gmt":"2020-04-04T02:13:14","guid":{"rendered":"https:\/\/oparanews.com.br\/?p=5160"},"modified":"2020-04-04T02:13:14","modified_gmt":"2020-04-04T02:13:14","slug":"segunda-morte-por-coronavirus-em-alagoas-e-confirmada","status":"publish","type":"post","link":"https:\/\/www.oparanews.com.br\/index.php\/2020\/04\/04\/segunda-morte-por-coronavirus-em-alagoas-e-confirmada\/","title":{"rendered":"Segunda morte por coronav\u00edrus em Alagoas \u00e9 confirmada"},"content":{"rendered":"<p>A segunda morte por coronav\u00edrus em Alagoas foi confirmada nesta sexta-feira (3) pelo Minist\u00e9rio da Sa\u00fade. A informa\u00e7\u00e3o tamb\u00e9m consta no mais recente boletim epidemiol\u00f3gico da Secretaria da Sa\u00fade (Sesau), a diferen\u00e7a \u00e9 que o Estado aponta 23 casos de pacientes com Covid-19, um a mais que o MS.<\/p>\n<p>At\u00e9 quinta (2), a Sesau tinha registrado 18 casos e um \u00f3bito. De acordo com a secretaria, o segundo paciente que faleceu era um homem de 78 anos, que estava internado em Macei\u00f3 e relatou viagem recente a Aparecida (SP). Ele era hipertenso e tinha diagn\u00f3stico de pneumonia.<\/p>\n<p>&#8220;Ele tinha ido a Aparecida do Norte, voltou no final do m\u00eas, apresentou sintomas, foi atendido na UPA [Unidade de Pronto Atendimento], mas com menos de 48 horas ele chegou a falecer&#8221;, afirmou o secret\u00e1rio da Sa\u00fade, Alexandre Ayres.<\/p>\n<p>O primeiro paciente que faleceu com Covid-19 tamb\u00e9m estava internado na Unidade de Pronto Atendimento (UPA) do Trapiche, em Macei\u00f3.<\/p>\n<p>Mais um munic\u00edpio do interior com caso confirmado<\/p>\n<p>Entre os cinco novos casos confirmados, quatro s\u00e3o de Macei\u00f3 e um \u00e9 de Marechal Deodoro, na Regi\u00e3o Metropolitana. At\u00e9 ent\u00e3o, o \u00fanico munic\u00edpio do interior com caso confirmado era Porto Real do Col\u00e9gio.<\/p>\n<p>Com a atualiza\u00e7\u00e3o desta sexta, subiu para 315 o n\u00famero de casos suspeitos, em 42 munic\u00edpios, e 364 j\u00e1 foram descartados.<\/p>\n<p>O aumento no n\u00famero de casos do novo coronav\u00edrus em Alagoas acende um alerta sobre o prazo do decreto de emerg\u00eancia, que determina medidas de isolamento em estado para evitar a dissemina\u00e7\u00e3o do v\u00edrus. O secret\u00e1rio da Sa\u00fade n\u00e3o descarta a possibilidade de amplia\u00e7\u00e3o da determina\u00e7\u00e3o.<\/p>\n<p>&#8220;N\u00f3s temos algumas medidas ainda a ser implementadas caso a gente tenha um crescimento da nossa curva, aumento no n\u00famero de pessoas contaminadas em Alagoas. Est\u00e1 nas m\u00e3os da popula\u00e7\u00e3o. Se colaborarem, n\u00f3s vamos voltar mais cedo [\u00e0 normalidade], mas se a popula\u00e7\u00e3o come\u00e7ar a relaxar e voltar para as ruas [antes do fim do decreto], n\u00f3s tomaremos medidas ainda mais duras&#8221;, afirmou Ayres.<\/p>\n<p>Veja abaixo os munic\u00edpios com casos suspeitos de coronav\u00edrus:<\/p>\n<p>Macei\u00f3 &#8211; 208<br \/>\nArapiraca &#8211; 19<br \/>\nBoca da Mata &#8211; 13<br \/>\nRio Largo &#8211; 5<br \/>\nMaragogi &#8211; 4<br \/>\nSatuba &#8211; 4<br \/>\nUni\u00e3o dos Palmares &#8211; 4<br \/>\nPalmeira dos \u00cdndios &#8211; 4<br \/>\nSantana do Ipanema &#8211; 4<br \/>\nBarra de Santo Ant\u00f4nio &#8211; 3<br \/>\nMarechal Deodoro &#8211; 3<br \/>\nFlexeiras &#8211; 3<br \/>\nQuebrangulo &#8211; 3<br \/>\nMaravilha &#8211; 3<br \/>\nCajueiro &#8211; 2<br \/>\nCampo Alegre &#8211; 2<br \/>\nJequi\u00e1 da Praia &#8211; 2<br \/>\nPenedo &#8211; 2<br \/>\nPia\u00e7abu\u00e7u &#8211; 2<br \/>\nMonteir\u00f3polis &#8211; 2<br \/>\nOlho D&#8217;\u00c1gua das Flores &#8211; 2<br \/>\nOuro Branco &#8211; 2<br \/>\nPo\u00e7o das Trincheiras &#8211; 2<br \/>\nS\u00e3o Jos\u00e9 da Tapera &#8211; 2<br \/>\nMata Grande &#8211; 2<br \/>\nPiranhas &#8211; 2<br \/>\nBarra de S\u00e3o Miguel &#8211; 1<br \/>\nCoqueiro Seco &#8211; 1<br \/>\nPilar &#8211; 1<br \/>\nJacu\u00edpe &#8211; 1<br \/>\nCol\u00f4nia Leopoldina &#8211; 1<br \/>\nVi\u00e7osa &#8211; 1<br \/>\nS\u00e3o Br\u00e1s &#8211; 1<br \/>\nCoit\u00e9 do Noia &#8211; 1<br \/>\nBatalha &#8211; 1<br \/>\nFeira Grande &#8211; 1<br \/>\nMajor Isidoro &#8211; 1<br \/>\nOlho D&#8217;\u00c1gua Grande &#8211; 1<br \/>\nBel\u00e9m &#8211; 1<br \/>\nIgaci &#8211; 1<br \/>\nMaribondo &#8211; 1<br \/>\nDelmiro Gouveia &#8211; 1<\/p>\n<p>&nbsp;<\/p>\n<p><strong>Fonte: G1\/AL<\/strong><\/p>\n<p>&nbsp;<\/p>\n","protected":false},"excerpt":{"rendered":"<p>A segunda morte por coronav\u00edrus em Alagoas foi confirmada nesta sexta-feira (3) pelo Minist\u00e9rio da Sa\u00fade. A informa\u00e7\u00e3o tamb\u00e9m consta no mais recente boletim epidemiol\u00f3gico da Secretaria da Sa\u00fade (Sesau), a diferen\u00e7a \u00e9 que o Estado aponta 23 casos de pacientes com Covid-19, um a mais que o MS. At\u00e9 quinta (2), a Sesau tinha &hellip;<\/p>\n","protected":false},"author":1,"featured_media":5161,"comment_status":"open","ping_status":"open","sticky":false,"template":"","format":"standard","meta":{"_jetpack_newsletter_access":"","_jetpack_dont_email_post_to_subs":false,"_jetpack_newsletter_tier_id":0,"_jetpack_memberships_contains_paywalled_content":false,"_jetpack_memberships_contains_paid_content":false,"footnotes":""},"categories":[1],"tags":[],"class_list":["post-5160","post","type-post","status-publish","format-standard","has-post-thumbnail","hentry","category-destaque"],"jetpack_sharing_enabled":true,"jetpack_featured_media_url":"","_links":{"self":[{"href":"https:\/\/www.oparanews.com.br\/index.php\/wp-json\/wp\/v2\/posts\/5160","targetHints":{"allow":["GET"]}}],"collection":[{"href":"https:\/\/www.oparanews.com.br\/index.php\/wp-json\/wp\/v2\/posts"}],"about":[{"href":"https:\/\/www.oparanews.com.br\/index.php\/wp-json\/wp\/v2\/types\/post"}],"author":[{"embeddable":true,"href":"https:\/\/www.oparanews.com.br\/index.php\/wp-json\/wp\/v2\/users\/1"}],"replies":[{"embeddable":true,"href":"https:\/\/www.oparanews.com.br\/index.php\/wp-json\/wp\/v2\/comments?post=5160"}],"version-history":[{"count":0,"href":"https:\/\/www.oparanews.com.br\/index.php\/wp-json\/wp\/v2\/posts\/5160\/revisions"}],"wp:attachment":[{"href":"https:\/\/www.oparanews.com.br\/index.php\/wp-json\/wp\/v2\/media?parent=5160"}],"wp:term":[{"taxonomy":"category","embeddable":true,"href":"https:\/\/www.oparanews.com.br\/index.php\/wp-json\/wp\/v2\/categories?post=5160"},{"taxonomy":"post_tag","embeddable":true,"href":"https:\/\/www.oparanews.com.br\/index.php\/wp-json\/wp\/v2\/tags?post=5160"}],"curies":[{"name":"wp","href":"https:\/\/api.w.org\/{rel}","templated":true}]}}