{"id":5201,"date":"2020-04-05T21:53:01","date_gmt":"2020-04-05T21:53:01","guid":{"rendered":"https:\/\/oparanews.com.br\/?p=5201"},"modified":"2020-04-05T21:53:01","modified_gmt":"2020-04-05T21:53:01","slug":"ufal-entrega-40-novos-profissionais-de-medicina-para-combate-a-covid-19","status":"publish","type":"post","link":"https:\/\/www.oparanews.com.br\/index.php\/2020\/04\/05\/ufal-entrega-40-novos-profissionais-de-medicina-para-combate-a-covid-19\/","title":{"rendered":"Ufal entrega 40 novos profissionais de Medicina para combate \u00e0 Covid-19"},"content":{"rendered":"<p>A Universidade Federal de Alagoas realiza nesta segunda-feira (6), no per\u00edodo da manh\u00e3, a cola\u00e7\u00e3o de grau individual de 40 novos m\u00e9dicos, atendendo \u00e0 Medida Provis\u00f3ria 934, de 1\u00ba de abril, que determina que \u201ca institui\u00e7\u00e3o de educa\u00e7\u00e3o superior poder\u00e1 abreviar a dura\u00e7\u00e3o dos cursos de Medicina, desde que o aluno, cumpra no m\u00ednimo 75% da carga hor\u00e1ria do internato e est\u00e1gios\u201d. Desde a publica\u00e7\u00e3o da MP, o grupo gestor da Faculdade de Medicina do Campus A.C. Sim\u00f5es e a Pr\u00f3-reitoria de Gradua\u00e7\u00e3o come\u00e7aram reuni\u00f5es por web confer\u00eancia em car\u00e1ter de urg\u00eancia para deliberar sobre o assunto.<\/p>\n<p>A diretora da Faculdade de Medicina (Famed), professora Iasmim Duarte, explica que o processo come\u00e7ou com a avalia\u00e7\u00e3o dos alunos do 12\u00ba per\u00edodo, que j\u00e1 estavam finalizando o internato e que j\u00e1 colariam grau em maio pr\u00f3ximo e as atividades cumpridas at\u00e9 ent\u00e3o asseguravam uma forma\u00e7\u00e3o consolidada. \u201cAssim teriam condi\u00e7\u00f5es de concluir o curso, j\u00e1 que a matriz curricular estava praticamente integralizada\u201d, ressaltou. Ela explica que a Famed j\u00e1 havia suspendido todas as atividades do internato desde 19 de mar\u00e7o, atendendo ao Plano de Contingenciamento Covid-19 da Ufal, que suspendeu as atividades acad\u00eamicas presenciais em seus campi,<\/p>\n<p>O coordenador do curso de Medicina, professor Davi Costa Buarque, assegurou que essa turma j\u00e1 tem 97% da carga hor\u00e1ria cumprida e os formandos est\u00e3o aptos ao mercado de trabalho e, por isso, a Ufal foi t\u00e3o \u00e1gil e conseguiu em cinco dias organizar a documenta\u00e7\u00e3o e atender a MP 934. \u201c\u00c9 uma grande contribui\u00e7\u00e3o da universidade p\u00fablica \u00e0 sociedade alagoana e brasileira, entregando bons profissionais aptos a atuar na rede p\u00fablica de sa\u00fade e na pandemia da Covid-19\u201d, explica ele, ressaltando que os alunos estavam angustiados em n\u00e3o poder colaborar nessa situa\u00e7\u00e3o devido \u00e0 suspens\u00e3o do internato.<\/p>\n<p>Neste cen\u00e1rio, a Pr\u00f3-reitoria de Gradua\u00e7\u00e3o (Prograd) e o Departamento de Registro e Controle Acad\u00eamico (DRCA) iniciaram os procedimentos necess\u00e1rios para que toda a documenta\u00e7\u00e3o fosse enviada e o grau fosse concedido. Vale destacar que praticamente todos os anos, em virtude de uma demanda de trabalho, h\u00e1 movimento dos acad\u00eamicos de Medicina no sentido de antecipar a conclus\u00e3o do curso, \u201co que a Universidade sempre entende que em situa\u00e7\u00f5es normais deve a matriz curricular ser integralizada em sua totalidade. Agora, a Prograd e a Famed consideraram o fato de os alunos estarem em vias de conclus\u00e3o do internato e a excepcionalidade do momento\u201d, destacou a t\u00e9cnica em Assuntos Educacionais da Prograd, Clarissa Ten\u00f3rio Bernardes.<\/p>\n<p>O chefe substituto do DRCA, Jo\u00e3o Jos\u00e9 da Silva, confirmou a \u201csolenidade\u201d de cola\u00e7\u00e3o para esta segunda, que acontecer\u00e1 em processo simples em tempos de preven\u00e7\u00e3o ao coronav\u00edrus: cada estudante presta seu juramento individual do lado de fora do departamento (corredor da Reitoria), assina o documento e assim vai seguindo por ordem alfab\u00e9tica, come\u00e7ando \u00e0s 9h com previs\u00e3o de t\u00e9rmino ao meio-dia. A Reitoria est\u00e1 localizada no Campus A. C. Sim\u00f5es, em Macei\u00f3.<\/p>\n<p><strong>Novos m\u00e9dicos<\/strong><\/p>\n<p>A turma Iasmim Duarte \u00e9 composta por 40 estudantes, sendo 26 mulheres e 24 homens que se sentem aptos ao mercado de trabalho e agradecidos \u00e0 Ufal pela forma\u00e7\u00e3o humana, te\u00f3rica e pr\u00e1tica. Para a formanda Mayara M\u00f4nica Barbosa de Melo, a not\u00edcia da cola\u00e7\u00e3o de grau antecipada trouxe sentimentos conflitantes. \u201cJ\u00e1 estamos com quase cem por cento do curso completo e nos percebemos aptos a receber o certificado de m\u00e9dicos neste momento. Ficar deitado em ber\u00e7o espl\u00eandido enquanto uma pandemia se estende no pa\u00eds n\u00e3o \u00e9 um lugar confort\u00e1vel para um rec\u00e9m-formado ansioso para fazer o juramento de Hip\u00f3crates\u201d, refletiu Mayara, salientando o sentimento de ang\u00fastia e ansiedade pelo momento desconhecido para todos.<\/p>\n<p>A futura m\u00e9dica ressalta a forma\u00e7\u00e3o na \u201cmelhor institui\u00e7\u00e3o de ensino superior de Alagoas\u201d e sua gratid\u00e3o pelo ensino te\u00f3rico-pr\u00e1tico que \u00e9 ofertado desde muito cedo no curso. \u201cTudo isso com o apoio importante do Hospital Universit\u00e1rio: desenvoltura, grade, organiza\u00e7\u00e3o, corpo docente, coordena\u00e7\u00e3o, est\u00e1gios e pr\u00e1ticas, o que nos d\u00e3o muita seguran\u00e7a para esse momento\u201d, completou.<\/p>\n<p>A formanda Vanessa Maciel acredita que o Minist\u00e9rio da Educa\u00e7\u00e3o tomou a decis\u00e3o correta de permitir \u00e0s faculdades de Medicina avaliarem a situa\u00e7\u00e3o dos alunos do \u00faltimo per\u00edodo. \u201cA pandemia vai exigir um maior n\u00famero de m\u00e9dicos, como j\u00e1 ocorreu em outros pa\u00edses. Todos n\u00f3s est\u00e1vamos muito ansiosos pensando em como ajudar a sociedade nesse momento cr\u00edtico. Temos inseguran\u00e7as, claro, mas acredito que o desconhecido aflige at\u00e9 aos mais experientes\u201d, disse.<\/p>\n<p>E ressalta: \u201cA Ufal nos preparou por seis anos e fico feliz nesse voto de confian\u00e7a. A palavra final era da Famed e tivemos o apoio da coordena\u00e7\u00e3o, da Prograd e do DRCA. N\u00e3o ser\u00e1 a cola\u00e7\u00e3o dos sonhos, as festas ficar\u00e3o para depois e nem a fam\u00edlia pode assistir a esse momento, mas \u00e9 um ciclo que se inicia e fico feliz por me formar em uma \u00e9poca essencial para a comunidade; estamos preparados. Obrigada, Universidade Federal de Alagoas e Hospital Universit\u00e1rio!\u201d.<\/p>\n<p><strong>Homenagem<\/strong><\/p>\n<p>A diretora da Famed, Ismin Duarte, vive momentos de emo\u00e7\u00e3o e destaca a honra e o orgulho de ter sido escolhida para nominar a turma: \u201cUma das maiores honras da minha vida acad\u00eamica\u201d. Ela n\u00e3o vai poder estar presente nesta cola\u00e7\u00e3o, mas envia mensagens a toda a turma: \u201cLevar o nome desta faculdade afora, longe dos nossos muros, implica n\u00e3o s\u00f3 na compet\u00eancia do conhecimento e habilidades, mas ser um bom m\u00e9dico. Um m\u00e9dico com forma\u00e7\u00e3o humanit\u00e1ria que se permite o acolhimento em meio \u00e0 dor. Hoje o Brasil confia em voc\u00eas\u201d.<\/p>\n<p>&nbsp;<\/p>\n<p><strong>Fonte: Ascom Ufal<\/strong><\/p>\n<p>&nbsp;<\/p>\n","protected":false},"excerpt":{"rendered":"<p>A Universidade Federal de Alagoas realiza nesta segunda-feira (6), no per\u00edodo da manh\u00e3, a cola\u00e7\u00e3o de grau individual de 40 novos m\u00e9dicos, atendendo \u00e0 Medida Provis\u00f3ria 934, de 1\u00ba de abril, que determina que \u201ca institui\u00e7\u00e3o de educa\u00e7\u00e3o superior poder\u00e1 abreviar a dura\u00e7\u00e3o dos cursos de Medicina, desde que o aluno, cumpra no m\u00ednimo 75% &hellip;<\/p>\n","protected":false},"author":1,"featured_media":5202,"comment_status":"open","ping_status":"open","sticky":false,"template":"","format":"standard","meta":{"_jetpack_newsletter_access":"","_jetpack_dont_email_post_to_subs":false,"_jetpack_newsletter_tier_id":0,"_jetpack_memberships_contains_paywalled_content":false,"_jetpack_memberships_contains_paid_content":false,"footnotes":""},"categories":[1],"tags":[],"class_list":["post-5201","post","type-post","status-publish","format-standard","has-post-thumbnail","hentry","category-destaque"],"jetpack_sharing_enabled":true,"jetpack_featured_media_url":"","_links":{"self":[{"href":"https:\/\/www.oparanews.com.br\/index.php\/wp-json\/wp\/v2\/posts\/5201","targetHints":{"allow":["GET"]}}],"collection":[{"href":"https:\/\/www.oparanews.com.br\/index.php\/wp-json\/wp\/v2\/posts"}],"about":[{"href":"https:\/\/www.oparanews.com.br\/index.php\/wp-json\/wp\/v2\/types\/post"}],"author":[{"embeddable":true,"href":"https:\/\/www.oparanews.com.br\/index.php\/wp-json\/wp\/v2\/users\/1"}],"replies":[{"embeddable":true,"href":"https:\/\/www.oparanews.com.br\/index.php\/wp-json\/wp\/v2\/comments?post=5201"}],"version-history":[{"count":0,"href":"https:\/\/www.oparanews.com.br\/index.php\/wp-json\/wp\/v2\/posts\/5201\/revisions"}],"wp:attachment":[{"href":"https:\/\/www.oparanews.com.br\/index.php\/wp-json\/wp\/v2\/media?parent=5201"}],"wp:term":[{"taxonomy":"category","embeddable":true,"href":"https:\/\/www.oparanews.com.br\/index.php\/wp-json\/wp\/v2\/categories?post=5201"},{"taxonomy":"post_tag","embeddable":true,"href":"https:\/\/www.oparanews.com.br\/index.php\/wp-json\/wp\/v2\/tags?post=5201"}],"curies":[{"name":"wp","href":"https:\/\/api.w.org\/{rel}","templated":true}]}}