{"id":5204,"date":"2020-04-05T21:55:22","date_gmt":"2020-04-05T21:55:22","guid":{"rendered":"https:\/\/oparanews.com.br\/?p=5204"},"modified":"2020-04-05T21:55:22","modified_gmt":"2020-04-05T21:55:22","slug":"3-de-agosto-e-a-data-limite-para-a-final-da-liga-dos-campeoes","status":"publish","type":"post","link":"https:\/\/www.oparanews.com.br\/index.php\/2020\/04\/05\/3-de-agosto-e-a-data-limite-para-a-final-da-liga-dos-campeoes\/","title":{"rendered":"3 de agosto \u00e9 a data limite para a final da Liga dos Campe\u00f5es"},"content":{"rendered":"<p>A final da Liga dos Campe\u00f5es da Europa tem o dia 3 de agosto como data limite. Esta declara\u00e7\u00e3o foi dada pelo presidente da Uefa (entidade m\u00e1xima do futebol europeu), o esloveno Aleksander Ceferin, em entrevista \u00e0 emissora alem\u00e3 ZDF.<\/p>\n<p>Contudo, o dirigente afirmou que tudo vai depender do controle do novo coronav\u00edrus (covid-19) dentro do velho continente.<\/p>\n<p>Segundo Ceferin, h\u00e1 um estudo para realizar as quartas de final e as semifinais em jogo \u00fanico. As partidas poder\u00e3o ser simult\u00e2neas a jogos de campeonatos nacionais de forma a que se cumpra o prazo. H\u00e1 ainda a hip\u00f3tese de estas fases decisivas acontecerem com est\u00e1dios vazios e port\u00f5es fechados. Por\u00e9m, n\u00e3o existe consenso sobre esta medida dentro da Uefa e o pr\u00f3prio Ceferin afirmou que prefere a presen\u00e7a de p\u00fablico.<\/p>\n<p>A final da atual edi\u00e7\u00e3o da Liga dos Campe\u00f5es da Europa est\u00e1 programada para ser disputada em Istambul (Turquia).<\/p>\n<p>&nbsp;<\/p>\n<p><strong>Fonte: Ag\u00eancia Brasil<\/strong><\/p>\n<p>&nbsp;<\/p>\n","protected":false},"excerpt":{"rendered":"<p>A final da Liga dos Campe\u00f5es da Europa tem o dia 3 de agosto como data limite. Esta declara\u00e7\u00e3o foi dada pelo presidente da Uefa (entidade m\u00e1xima do futebol europeu), o esloveno Aleksander Ceferin, em entrevista \u00e0 emissora alem\u00e3 ZDF. Contudo, o dirigente afirmou que tudo vai depender do controle do novo coronav\u00edrus (covid-19) dentro &hellip;<\/p>\n","protected":false},"author":1,"featured_media":5205,"comment_status":"open","ping_status":"open","sticky":false,"template":"","format":"standard","meta":{"_jetpack_newsletter_access":"","_jetpack_dont_email_post_to_subs":false,"_jetpack_newsletter_tier_id":0,"_jetpack_memberships_contains_paywalled_content":false,"_jetpack_memberships_contains_paid_content":false,"footnotes":""},"categories":[1],"tags":[],"class_list":["post-5204","post","type-post","status-publish","format-standard","has-post-thumbnail","hentry","category-destaque"],"jetpack_sharing_enabled":true,"jetpack_featured_media_url":"","_links":{"self":[{"href":"https:\/\/www.oparanews.com.br\/index.php\/wp-json\/wp\/v2\/posts\/5204","targetHints":{"allow":["GET"]}}],"collection":[{"href":"https:\/\/www.oparanews.com.br\/index.php\/wp-json\/wp\/v2\/posts"}],"about":[{"href":"https:\/\/www.oparanews.com.br\/index.php\/wp-json\/wp\/v2\/types\/post"}],"author":[{"embeddable":true,"href":"https:\/\/www.oparanews.com.br\/index.php\/wp-json\/wp\/v2\/users\/1"}],"replies":[{"embeddable":true,"href":"https:\/\/www.oparanews.com.br\/index.php\/wp-json\/wp\/v2\/comments?post=5204"}],"version-history":[{"count":0,"href":"https:\/\/www.oparanews.com.br\/index.php\/wp-json\/wp\/v2\/posts\/5204\/revisions"}],"wp:attachment":[{"href":"https:\/\/www.oparanews.com.br\/index.php\/wp-json\/wp\/v2\/media?parent=5204"}],"wp:term":[{"taxonomy":"category","embeddable":true,"href":"https:\/\/www.oparanews.com.br\/index.php\/wp-json\/wp\/v2\/categories?post=5204"},{"taxonomy":"post_tag","embeddable":true,"href":"https:\/\/www.oparanews.com.br\/index.php\/wp-json\/wp\/v2\/tags?post=5204"}],"curies":[{"name":"wp","href":"https:\/\/api.w.org\/{rel}","templated":true}]}}