{"id":5237,"date":"2020-04-07T01:29:11","date_gmt":"2020-04-07T01:29:11","guid":{"rendered":"https:\/\/oparanews.com.br\/?p=5237"},"modified":"2020-04-07T01:29:11","modified_gmt":"2020-04-07T01:29:11","slug":"alagoas-tem-31-casos-confirmados-de-coronavirus-e-308-em-investigacao","status":"publish","type":"post","link":"https:\/\/www.oparanews.com.br\/index.php\/2020\/04\/07\/alagoas-tem-31-casos-confirmados-de-coronavirus-e-308-em-investigacao\/","title":{"rendered":"Alagoas tem 31 casos confirmados de coronav\u00edrus e 308 em investiga\u00e7\u00e3o"},"content":{"rendered":"<p>A Secretaria de Estado da Sa\u00fade (Sesau) informa, nesta segunda, 6, que Alagoas tem 31 casos confirmados da Covid-19, al\u00e9m de 308 em investiga\u00e7\u00e3o e 510 descartados. Os dados constam do Boletim Epidemiol\u00f3gico 31, emitido pelo Centro de Informa\u00e7\u00f5es Estrat\u00e9gicas em Vigil\u00e2ncia em Sa\u00fade (CIEVS).<\/p>\n<p>O Estado segue com dois \u00f3bitos confirmados por Covid-19, ap\u00f3s exames realizados no Laborat\u00f3rio Central de Alagoas (Lacen\/AL). O primeiro, confirmado no dia 31\/03, era um aposentado de 64 anos; j\u00e1 o segundo, cujo resultado foi divulgado na sexta-feira (03\/04), tinha 78 anos e tamb\u00e9m era aposentado. Ambos residiam em Macei\u00f3.<\/p>\n<p>Quanto aos casos confirmados, 26 residem no Estado, sendo 22 em Macei\u00f3 e quatro no interior, uma vez que Porto Real do Col\u00e9gio tem um caso, Marechal Deodoro aparece com dois e Palmeira dos \u00cdndios surge um caso. As outras cinco pessoas que testaram positivo para a Covid-19 residem no Rio de Janeiro (2), em Bras\u00edlia (2) e em S\u00e3o Paulo (1).<\/p>\n<p>Curados \u2013 Ainda de acordo com a Sesau, dos 31 casos confirmados em Alagoas para a Covid-19, 10 j\u00e1 finalizaram o isolamento domiciliar e n\u00e3o apresentam mais sintomas da doen\u00e7a.<\/p>\n<p>&nbsp;<\/p>\n<p><strong>Fonte: Ascom Sesau<\/strong><\/p>\n<p>&nbsp;<\/p>\n","protected":false},"excerpt":{"rendered":"<p>A Secretaria de Estado da Sa\u00fade (Sesau) informa, nesta segunda, 6, que Alagoas tem 31 casos confirmados da Covid-19, al\u00e9m de 308 em investiga\u00e7\u00e3o e 510 descartados. Os dados constam do Boletim Epidemiol\u00f3gico 31, emitido pelo Centro de Informa\u00e7\u00f5es Estrat\u00e9gicas em Vigil\u00e2ncia em Sa\u00fade (CIEVS). O Estado segue com dois \u00f3bitos confirmados por Covid-19, ap\u00f3s &hellip;<\/p>\n","protected":false},"author":1,"featured_media":5238,"comment_status":"open","ping_status":"open","sticky":false,"template":"","format":"standard","meta":{"_jetpack_newsletter_access":"","_jetpack_dont_email_post_to_subs":false,"_jetpack_newsletter_tier_id":0,"_jetpack_memberships_contains_paywalled_content":false,"_jetpack_memberships_contains_paid_content":false,"footnotes":""},"categories":[1],"tags":[],"class_list":["post-5237","post","type-post","status-publish","format-standard","has-post-thumbnail","hentry","category-destaque"],"jetpack_sharing_enabled":true,"jetpack_featured_media_url":"","_links":{"self":[{"href":"https:\/\/www.oparanews.com.br\/index.php\/wp-json\/wp\/v2\/posts\/5237","targetHints":{"allow":["GET"]}}],"collection":[{"href":"https:\/\/www.oparanews.com.br\/index.php\/wp-json\/wp\/v2\/posts"}],"about":[{"href":"https:\/\/www.oparanews.com.br\/index.php\/wp-json\/wp\/v2\/types\/post"}],"author":[{"embeddable":true,"href":"https:\/\/www.oparanews.com.br\/index.php\/wp-json\/wp\/v2\/users\/1"}],"replies":[{"embeddable":true,"href":"https:\/\/www.oparanews.com.br\/index.php\/wp-json\/wp\/v2\/comments?post=5237"}],"version-history":[{"count":0,"href":"https:\/\/www.oparanews.com.br\/index.php\/wp-json\/wp\/v2\/posts\/5237\/revisions"}],"wp:attachment":[{"href":"https:\/\/www.oparanews.com.br\/index.php\/wp-json\/wp\/v2\/media?parent=5237"}],"wp:term":[{"taxonomy":"category","embeddable":true,"href":"https:\/\/www.oparanews.com.br\/index.php\/wp-json\/wp\/v2\/categories?post=5237"},{"taxonomy":"post_tag","embeddable":true,"href":"https:\/\/www.oparanews.com.br\/index.php\/wp-json\/wp\/v2\/tags?post=5237"}],"curies":[{"name":"wp","href":"https:\/\/api.w.org\/{rel}","templated":true}]}}