{"id":5250,"date":"2020-04-08T00:15:58","date_gmt":"2020-04-08T00:15:58","guid":{"rendered":"https:\/\/oparanews.com.br\/?p=5250"},"modified":"2020-04-08T00:15:58","modified_gmt":"2020-04-08T00:15:58","slug":"alagoas-tem-34-casos-confirmados-de-covid-19","status":"publish","type":"post","link":"https:\/\/www.oparanews.com.br\/index.php\/2020\/04\/08\/alagoas-tem-34-casos-confirmados-de-covid-19\/","title":{"rendered":"Alagoas tem 34 casos confirmados de Covid-19"},"content":{"rendered":"<p>A Secretaria de Estado da Sa\u00fade (Sesau) informa, nesta ter\u00e7a-feira (07\/04), que Alagoas tem 34 casos confirmados da Covid-19, al\u00e9m de 295 em investiga\u00e7\u00e3o e 553 descartados. Dois \u00f3bitos foram registrados at\u00e9 o momento. Os dados constam do Boletim Epidemiol\u00f3gico 32, emitido pelo Centro de Informa\u00e7\u00f5es Estrat\u00e9gicas em Vigil\u00e2ncia em Sa\u00fade (CIEVS).<\/p>\n<p>O primeiro \u00f3bito, confirmado no dia 31\/03, era um homem de 64 anos. O segundo, cujo resultado foi divulgado na sexta-feira (03\/04), tinha 78 anos. As duas v\u00edtimas residiam em Macei\u00f3.<\/p>\n<p>Quanto aos casos confirmados, 28 residem no estado, sendo 24 em Macei\u00f3 e quatro no interior, uma vez que Porto Real do Col\u00e9gio tem um caso, Marechal Deodoro aparece com dois e Palmeira dos \u00cdndios surge com um caso. As outras seis pessoas que testaram positivo para a Covid-19 residem no Rio de Janeiro (2), em Bras\u00edlia (2) e em S\u00e3o Paulo (2).<\/p>\n<p>Dos 34 casos confirmados em Alagoas para a Covid-19, onze j\u00e1 finalizaram o isolamento domiciliar e n\u00e3o apresentam mais sintomas da doen\u00e7a.<\/p>\n<p>&nbsp;<\/p>\n<p><strong>Fonte: Ascom Sesau<\/strong><\/p>\n<p>&nbsp;<\/p>\n","protected":false},"excerpt":{"rendered":"<p>A Secretaria de Estado da Sa\u00fade (Sesau) informa, nesta ter\u00e7a-feira (07\/04), que Alagoas tem 34 casos confirmados da Covid-19, al\u00e9m de 295 em investiga\u00e7\u00e3o e 553 descartados. Dois \u00f3bitos foram registrados at\u00e9 o momento. Os dados constam do Boletim Epidemiol\u00f3gico 32, emitido pelo Centro de Informa\u00e7\u00f5es Estrat\u00e9gicas em Vigil\u00e2ncia em Sa\u00fade (CIEVS). O primeiro \u00f3bito, &hellip;<\/p>\n","protected":false},"author":1,"featured_media":5251,"comment_status":"open","ping_status":"open","sticky":false,"template":"","format":"standard","meta":{"_jetpack_newsletter_access":"","_jetpack_dont_email_post_to_subs":false,"_jetpack_newsletter_tier_id":0,"_jetpack_memberships_contains_paywalled_content":false,"_jetpack_memberships_contains_paid_content":false,"footnotes":""},"categories":[1],"tags":[],"class_list":["post-5250","post","type-post","status-publish","format-standard","has-post-thumbnail","hentry","category-destaque"],"jetpack_sharing_enabled":true,"jetpack_featured_media_url":"","_links":{"self":[{"href":"https:\/\/www.oparanews.com.br\/index.php\/wp-json\/wp\/v2\/posts\/5250","targetHints":{"allow":["GET"]}}],"collection":[{"href":"https:\/\/www.oparanews.com.br\/index.php\/wp-json\/wp\/v2\/posts"}],"about":[{"href":"https:\/\/www.oparanews.com.br\/index.php\/wp-json\/wp\/v2\/types\/post"}],"author":[{"embeddable":true,"href":"https:\/\/www.oparanews.com.br\/index.php\/wp-json\/wp\/v2\/users\/1"}],"replies":[{"embeddable":true,"href":"https:\/\/www.oparanews.com.br\/index.php\/wp-json\/wp\/v2\/comments?post=5250"}],"version-history":[{"count":0,"href":"https:\/\/www.oparanews.com.br\/index.php\/wp-json\/wp\/v2\/posts\/5250\/revisions"}],"wp:attachment":[{"href":"https:\/\/www.oparanews.com.br\/index.php\/wp-json\/wp\/v2\/media?parent=5250"}],"wp:term":[{"taxonomy":"category","embeddable":true,"href":"https:\/\/www.oparanews.com.br\/index.php\/wp-json\/wp\/v2\/categories?post=5250"},{"taxonomy":"post_tag","embeddable":true,"href":"https:\/\/www.oparanews.com.br\/index.php\/wp-json\/wp\/v2\/tags?post=5250"}],"curies":[{"name":"wp","href":"https:\/\/api.w.org\/{rel}","templated":true}]}}