{"id":5291,"date":"2020-04-09T00:50:33","date_gmt":"2020-04-09T00:50:33","guid":{"rendered":"https:\/\/oparanews.com.br\/?p=5291"},"modified":"2020-04-09T00:50:33","modified_gmt":"2020-04-09T00:50:33","slug":"sesau-confirma-37-casos-e-registra-terceira-morte-por-covid-19","status":"publish","type":"post","link":"https:\/\/www.oparanews.com.br\/index.php\/2020\/04\/09\/sesau-confirma-37-casos-e-registra-terceira-morte-por-covid-19\/","title":{"rendered":"Sesau confirma 37 casos e registra terceira morte por Covid-19"},"content":{"rendered":"<p>A Secretaria de Estado da Sa\u00fade (Sesau) informa que Alagoas registrou nesta quarta-feira (08) o 37\u00ba caso confirmado e o terceiro \u00f3bito pela Covid-19. Os dados constam no Boletim Epidemiol\u00f3gico 33, que aponta, ainda, a ocorr\u00eancia de 261 casos suspeitos e 589 descartados.<\/p>\n<p>O terceiro \u00f3bito foi de uma mulher de 77 anos, que estava internada a Unidade e Terapia Intensiva do Hospital Veredas. A idosa morava em S\u00e3o Paulo e estava em Macei\u00f3 para visitar familiares.<\/p>\n<p>A v\u00edtima era hipertensa e apresentou os sintomas da doen\u00e7a sete dias ap\u00f3s chegar \u00e0 capital alagoana. No dia 29 de mar\u00e7o, ela foi atendida na Unidade de Pronto Atendimento (UPA) do Jacintinho relatando desconforto respirat\u00f3rio, falta de ar. Segundo o prontu\u00e1rio m\u00e9dico, os sintomas eram leves e n\u00e3o houve necessidade do uso de ventila\u00e7\u00e3o mec\u00e2nica.<\/p>\n<p>No mesmo dia, o Centro de Informa\u00e7\u00f5es Estrat\u00e9gicas em Vigil\u00e2ncia em Sa\u00fade (Cievs) foi acionado, notificou o caso suspeito e coletou material biol\u00f3gico para a realiza\u00e7\u00e3o do exame laboratorial.<\/p>\n<p>Ap\u00f3s ter passado por todos os procedimentos, a idosa foi transferida para o Hospital Veredas, no dia 02 de abril. O resultado do exame com resultado positivo para a covid-19 saiu no dia 03 de abril pelo Laborat\u00f3rio Central de Alagoas (Lacen\/AL).<\/p>\n<p>No \u00faltimo dia 04, a v\u00edtima precisou ser entubada, evoluindo para \u00f3bito quatro dias depois.<\/p>\n<p>A primeira morte, confirmada no dia 31 de mar\u00e7o, foi de homem de 64 anos; j\u00e1 a segunda, cujo resultado foi divulgado no dia 03 de abril, foi um idoso de 78 anos.<\/p>\n<p>As cidades com casos confirmados s\u00e3o: Macei\u00f3 (27), Porto Real do Col\u00e9gio (01), Marechal Deodoro (02), Palmeira dos \u00cdndios (01). As outras seis pessoas que testaram positivo para a Covid-19 em Alagoas moram no Rio de Janeiro (2), Bras\u00edlia (2) e S\u00e3o Paulo (2).<\/p>\n<p>Segundo a Sesau, dos 37 casos confirmados em Alagoas para a Covid-19, 11 j\u00e1 finalizaram o isolamento domiciliar e n\u00e3o apresentam mais sintomas da doen\u00e7a.<\/p>\n<p>&nbsp;<\/p>\n<p><strong>Fonte: Ascom Sesau<\/strong><\/p>\n<p>&nbsp;<\/p>\n","protected":false},"excerpt":{"rendered":"<p>A Secretaria de Estado da Sa\u00fade (Sesau) informa que Alagoas registrou nesta quarta-feira (08) o 37\u00ba caso confirmado e o terceiro \u00f3bito pela Covid-19. Os dados constam no Boletim Epidemiol\u00f3gico 33, que aponta, ainda, a ocorr\u00eancia de 261 casos suspeitos e 589 descartados. O terceiro \u00f3bito foi de uma mulher de 77 anos, que estava &hellip;<\/p>\n","protected":false},"author":1,"featured_media":5292,"comment_status":"open","ping_status":"open","sticky":false,"template":"","format":"standard","meta":{"_jetpack_newsletter_access":"","_jetpack_dont_email_post_to_subs":false,"_jetpack_newsletter_tier_id":0,"_jetpack_memberships_contains_paywalled_content":false,"_jetpack_memberships_contains_paid_content":false,"footnotes":""},"categories":[1],"tags":[],"class_list":["post-5291","post","type-post","status-publish","format-standard","has-post-thumbnail","hentry","category-destaque"],"jetpack_sharing_enabled":true,"jetpack_featured_media_url":"","_links":{"self":[{"href":"https:\/\/www.oparanews.com.br\/index.php\/wp-json\/wp\/v2\/posts\/5291","targetHints":{"allow":["GET"]}}],"collection":[{"href":"https:\/\/www.oparanews.com.br\/index.php\/wp-json\/wp\/v2\/posts"}],"about":[{"href":"https:\/\/www.oparanews.com.br\/index.php\/wp-json\/wp\/v2\/types\/post"}],"author":[{"embeddable":true,"href":"https:\/\/www.oparanews.com.br\/index.php\/wp-json\/wp\/v2\/users\/1"}],"replies":[{"embeddable":true,"href":"https:\/\/www.oparanews.com.br\/index.php\/wp-json\/wp\/v2\/comments?post=5291"}],"version-history":[{"count":0,"href":"https:\/\/www.oparanews.com.br\/index.php\/wp-json\/wp\/v2\/posts\/5291\/revisions"}],"wp:attachment":[{"href":"https:\/\/www.oparanews.com.br\/index.php\/wp-json\/wp\/v2\/media?parent=5291"}],"wp:term":[{"taxonomy":"category","embeddable":true,"href":"https:\/\/www.oparanews.com.br\/index.php\/wp-json\/wp\/v2\/categories?post=5291"},{"taxonomy":"post_tag","embeddable":true,"href":"https:\/\/www.oparanews.com.br\/index.php\/wp-json\/wp\/v2\/tags?post=5291"}],"curies":[{"name":"wp","href":"https:\/\/api.w.org\/{rel}","templated":true}]}}