{"id":5348,"date":"2020-04-10T01:45:32","date_gmt":"2020-04-10T01:45:32","guid":{"rendered":"https:\/\/oparanews.com.br\/?p=5348"},"modified":"2020-04-10T01:45:32","modified_gmt":"2020-04-10T01:45:32","slug":"renan-filho-anuncia-implantacao-de-10-leitos-de-uti-em-penedo","status":"publish","type":"post","link":"https:\/\/www.oparanews.com.br\/index.php\/2020\/04\/10\/renan-filho-anuncia-implantacao-de-10-leitos-de-uti-em-penedo\/","title":{"rendered":"Renan Filho anuncia implanta\u00e7\u00e3o de 10 leitos de UTI em Penedo"},"content":{"rendered":"<p>O governador Renan Filho (MDB) acompanhado do secret\u00e1rio de Estado da Sa\u00fade, Alexandre Ayres, esteve nesta quinta-feira (09) em Penedo. O objetivo foi anunciar medidas de enfrentamento ao Coronav\u00edrus em cidades do interior.<\/p>\n<p>Como parte das a\u00e7\u00f5es, o plano contempla a implanta\u00e7\u00e3o de Unidades de Terapia Intensa (UTI) para ampliar a oferta de leitos \u00e0 popula\u00e7\u00e3o, diante da pandemia.<\/p>\n<p>\u201cEstamos trabalhando para minimizar os efeitos da doen\u00e7a em Alagoas. Para isso, vamos remodelar o sistema de sa\u00fade. Penedo \u00e9 uma cidade refer\u00eancia e n\u00e3o poderia ficar de fora. Este \u00e9 o momento para atender um antigo sonho da cidade e da 6\u00aa microregi\u00e3o. Vamos melhorar a capacidade de atendimento do munic\u00edpio com a implanta\u00e7\u00e3o imediata de 10 leitos de Unidade de Terapia Intensiva (UTI). O nosso objetivo \u00e9 que as pessoas possam ser tratadas o mais pr\u00f3ximo de suas casas\u201d, justificou o governador.<\/p>\n<p>O munic\u00edpio de Penedo \u00e9 refer\u00eancia para outras cinco cidades, que est\u00e3o na 6\u00aa microregi\u00e3o de Sa\u00fade: S\u00e3o Br\u00e1s, Porto Real do Col\u00e9gio, Igreja Nova, Pia\u00e7abu\u00e7u e Feliz Deserto.<\/p>\n<p>\u201cApesar de estamos enfrentando uma pandemia, essa visita \u00e9 muito importante para toda regi\u00e3o. Estamos ampliando a quantidade de leitos de UTI e de retaguarda. Aqui em Penedo visitamos espa\u00e7os que podem abrigar essa melhoria na sa\u00fade p\u00fablica. Estivemos no Regional e no antigo hospital Semep. A prioridade \u00e9 da Santa Casa de Miseric\u00f3rdia. Vamos avaliar qual \u00e9 o melhor espa\u00e7o para abrigar esse investimento. Queremos entregar o mais r\u00e1pido poss\u00edvel. Vamos trabalhar duro ao lado do prefeito e do vice, para transformar em realidade o antigo desejo do povo de Penedo\u201d, garantiu o secret\u00e1rio Alexandre Ayres.<\/p>\n<p>Para o deputado Marcelo Beltr\u00e3o (PP), Penedo deve se unir neste momento para n\u00e3o perder uma grande oportunidade. \u201cApesar de estarmos passando por um momento delicado, de enfrentamento a uma pandemia, devemos nos unir pelo bem do nosso povo. Esse \u00e9 um grande momento em que todos devem dar as m\u00e3os para que Penedo e cidades circunvizinhas possam ganhar modernos leitos de UTI. Quero parabenizar o governador pela excelente condu\u00e7\u00e3o das a\u00e7\u00f5es de combate ao Coronav\u00edrus, um trabalho s\u00e9rio que vem sendo ditado pela Organiza\u00e7\u00e3o Mundial da Sa\u00fade (OMS), Minist\u00e9rio da Sa\u00fade e pela ci\u00eancia. Quanto ao secret\u00e1rio Alexandre Ayres, em nome de toda a popula\u00e7\u00e3o da Regi\u00e3o Sul de Alagoas, muito obrigado por mais este grande feito, que \u00e9 dotar Penedo com 10 leitos de UTI\u201d, comemorou o deputado.<\/p>\n<p><strong>Live atrav\u00e9s das redes sociais<\/strong><\/p>\n<p>Logo ap\u00f3s o governador deixar Penedo, o prefeito Marcius Beltr\u00e3o participou de uma transmiss\u00e3o ao vivo atrav\u00e9s de suas redes sociais. Ao lado do vice-prefeito Ronaldo Lopes (MDB); do secret\u00e1rio de Sa\u00fade de Penedo, Marcos Beltr\u00e3o; e do deputado estadual Marcelo Beltr\u00e3o (PP), o Chefe do Executivo levou aos penedenses pela grande rede a mais nova conquista da sa\u00fade p\u00fablica da regi\u00e3o.<\/p>\n<p>\u201cEste \u00e9 um momento \u00edmpar para Penedo, apesar da pandemia que enfrentamos. Mas, o diferencial \u00e9 que temos um governador de atitude, que tem coragem e segue as orienta\u00e7\u00f5es da ci\u00eancia. Gra\u00e7as ao seu desprendimento, Penedo vai ganhar 10 leitos de UTI para atendermos as pessoas que necessitam de mais cuidados m\u00e9dicos. A prioridade deste grande investimento \u00e9 a Santa Casa. Vamos agora nos debru\u00e7ar para tornar realidade este grande investimento\u201d, pontuou o prefeito.<\/p>\n<p><strong>M\u00e1scaras de tecido<\/strong><\/p>\n<p>Diante da pandemia do Coronav\u00edrus, do uso de EPI\u2019s e a necessidade de gera\u00e7\u00e3o de emprego e renda, o prefeito anunciou ainda durante a live que vai montar uma for\u00e7a tarefa para confeccionar m\u00e1scaras de tecido, dentro do pr\u00f3prio munic\u00edpio.<\/p>\n<p>\u201cPrecisamos nos unir, reinventar e buscar solu\u00e7\u00f5es neste momento dif\u00edcil. Vamos confeccionar m\u00e1scaras de tecido para proteger todos os trabalhadores que est\u00e3o no enfrentamento ao Coronav\u00edrus. Para isso, estamos cadastrando as costureiras da cidade para este trabalho\u201d, encerrou Marcius Beltr\u00e3o.<\/p>\n<p>Quem deseja fazer parte desta a\u00e7\u00e3o e se cadastrar, basta acessar o portal da Prefeitura de Penedo no endere\u00e7o: <a href=\"https:\/\/www.penedo.al.gov.br\/cadastro\"><strong>www.penedo.al.gov.br\/cadastro<\/strong><\/a><\/p>\n<p>&nbsp;<\/p>\n<p><strong>Fonte: Decom &#8211; PMP<\/strong><\/p>\n<p>&nbsp;<\/p>\n","protected":false},"excerpt":{"rendered":"<p>O governador Renan Filho (MDB) acompanhado do secret\u00e1rio de Estado da Sa\u00fade, Alexandre Ayres, esteve nesta quinta-feira (09) em Penedo. O objetivo foi anunciar medidas de enfrentamento ao Coronav\u00edrus em cidades do interior. Como parte das a\u00e7\u00f5es, o plano contempla a implanta\u00e7\u00e3o de Unidades de Terapia Intensa (UTI) para ampliar a oferta de leitos \u00e0 &hellip;<\/p>\n","protected":false},"author":1,"featured_media":5349,"comment_status":"open","ping_status":"open","sticky":false,"template":"","format":"standard","meta":{"_jetpack_newsletter_access":"","_jetpack_dont_email_post_to_subs":false,"_jetpack_newsletter_tier_id":0,"_jetpack_memberships_contains_paywalled_content":false,"_jetpack_memberships_contains_paid_content":false,"footnotes":""},"categories":[1],"tags":[],"class_list":["post-5348","post","type-post","status-publish","format-standard","has-post-thumbnail","hentry","category-destaque"],"jetpack_sharing_enabled":true,"jetpack_featured_media_url":"","_links":{"self":[{"href":"https:\/\/www.oparanews.com.br\/index.php\/wp-json\/wp\/v2\/posts\/5348","targetHints":{"allow":["GET"]}}],"collection":[{"href":"https:\/\/www.oparanews.com.br\/index.php\/wp-json\/wp\/v2\/posts"}],"about":[{"href":"https:\/\/www.oparanews.com.br\/index.php\/wp-json\/wp\/v2\/types\/post"}],"author":[{"embeddable":true,"href":"https:\/\/www.oparanews.com.br\/index.php\/wp-json\/wp\/v2\/users\/1"}],"replies":[{"embeddable":true,"href":"https:\/\/www.oparanews.com.br\/index.php\/wp-json\/wp\/v2\/comments?post=5348"}],"version-history":[{"count":0,"href":"https:\/\/www.oparanews.com.br\/index.php\/wp-json\/wp\/v2\/posts\/5348\/revisions"}],"wp:attachment":[{"href":"https:\/\/www.oparanews.com.br\/index.php\/wp-json\/wp\/v2\/media?parent=5348"}],"wp:term":[{"taxonomy":"category","embeddable":true,"href":"https:\/\/www.oparanews.com.br\/index.php\/wp-json\/wp\/v2\/categories?post=5348"},{"taxonomy":"post_tag","embeddable":true,"href":"https:\/\/www.oparanews.com.br\/index.php\/wp-json\/wp\/v2\/tags?post=5348"}],"curies":[{"name":"wp","href":"https:\/\/api.w.org\/{rel}","templated":true}]}}