{"id":5378,"date":"2020-04-13T15:08:46","date_gmt":"2020-04-13T15:08:46","guid":{"rendered":"https:\/\/oparanews.com.br\/?p=5378"},"modified":"2020-04-13T15:08:46","modified_gmt":"2020-04-13T15:08:46","slug":"sociedade-de-medicina-emite-nota-reforcando-alerta-para-isolamento-social","status":"publish","type":"post","link":"https:\/\/www.oparanews.com.br\/index.php\/2020\/04\/13\/sociedade-de-medicina-emite-nota-reforcando-alerta-para-isolamento-social\/","title":{"rendered":"Sociedade de Medicina emite nota refor\u00e7ando alerta para isolamento social"},"content":{"rendered":"<p>Acatar a recomenda\u00e7\u00e3o governamental para ficar em casa nunca foi t\u00e3o importante quanto agora. A avalia\u00e7\u00e3o un\u00e2nime entre pesquisadores e autoridades m\u00e9dicas e da \u00e1rea de sa\u00fade no combate ao novo coronav\u00edrus ganhou refor\u00e7o da Sociedade de Medicina de Alagoas (SMA), a partir de nota emitida na \u00faltima sexta-feira (10).<\/p>\n<p>\u201cA Sociedade de Medicina de Alagoas, entidade m\u00e9dica mais antiga do estado, fundada em 1917 e filiada a Associa\u00e7\u00e3o M\u00e9dica Brasileira (AMB), expressa, por meio desse comunicado, seu irrestrito apoio ao isolamento social como medida sanit\u00e1ria, imprescind\u00edvel, para conter a epidemia\u201d, diz o texto assinado pelo presidente da institui\u00e7\u00e3o, o m\u00e9dico Fernando Ant\u00f4nio Gomes de Andrade.<\/p>\n<p>O endosso da institui\u00e7\u00e3o centen\u00e1ria \u00e0 orienta\u00e7\u00e3o se junta ao crivo dos especialistas. \u201c\u00c9 importante que a popula\u00e7\u00e3o n\u00e3o subestime o poder de dissemina\u00e7\u00e3o do Covid-19. Devemos estar atentos ao fato de que a contamina\u00e7\u00e3o \u00e9 muito f\u00e1cil, podendo ocorrer, por exemplo, atrav\u00e9s de got\u00edculas expelidas pela boca durante um espirro, tosse e mesmo a fala\u201d, explica o prof. Dr. Daniel Gita\u00ed, pesquisador do Instituto de Ci\u00eancias Biol\u00f3gicas e da Sa\u00fade (ICBS) da Universidade Federal de Alagoas (Ufal).<\/p>\n<p>Na linha de frente da batalha contra a pandemia, o infectologista Fernando Maia integra o Grupo de Enfrentamento ao Covid-19 em Alagoas. Apesar de a maioria das pessoas j\u00e1 estarem cientes e informadas, ele salienta porque o confinamento \u00e9 a melhor preven\u00e7\u00e3o. \u201cPorque evita as duas principais maneiras de cont\u00e1gio do v\u00edrus, que s\u00e3o a respirat\u00f3ria e o contato direto das m\u00e3os contaminadas com os olhos, nariz e boca\u201d, reitera. \u201c\u00c9 por isso que a Organiza\u00e7\u00e3o Mundial de Sa\u00fade, o Minist\u00e9rio da Sa\u00fade e as secretarias de Sa\u00fade t\u00eam refor\u00e7ado a import\u00e2ncia do distanciamento social, com vistas a diminuir o pico da pandemia e ganhar tempo para o fortalecimento da assist\u00eancia aos pacientes\u201d.<\/p>\n<p>A seu lado, a colega infectologista Luciana Pacheco, diretora m\u00e9dica do Hospital Helvio Auto, lembra a import\u00e2ncia em seguir as recomenda\u00e7\u00f5es de higiene pessoal e do ambiente onde moram e trabalham e, de modo claro e objetivo, sentencia: \u201cMantenham o isolamento social e evitem aglomera\u00e7\u00f5es!\u201d.<\/p>\n<p>Para o prof. Dr. Marcelo Duzzioni, respons\u00e1vel pelo Laborat\u00f3rio de Neurofarmacologia e Fisiologia Integrativa (LNFI) do ICBS\/Ufal e integrante do grupo de pesquisadores que voluntariamente atuam no combate ao novo coronav\u00edrus, medidas sociais e de sa\u00fade p\u00fablica s\u00e3o a melhor forma de preven\u00e7\u00e3o e controle da doen\u00e7a.<\/p>\n<p>\u201cCada cidad\u00e3o deve fazer a sua parte pensando na coletividade. Al\u00e9m disso, precisamos que nossos governantes ou\u00e7am os diferentes segmentos da sociedade na tomada de decis\u00e3o, mas especial aten\u00e7\u00e3o deve ser dada as evid\u00eancias cient\u00edficas vindas da Organiza\u00e7\u00e3o Mundial de Sa\u00fade e das diferentes entidades de Sa\u00fade\u201d, considera.<\/p>\n<p><a href=\"https:\/\/drive.google.com\/open?id=1166sVWomAwVGx6FX9e7MBcT6vlzwvjeg\"><strong>Confira aqui a nota da entidade<\/strong><\/a>.<\/p>\n<p>&nbsp;<\/p>\n<p><strong>Fonte: Ag\u00eancia Alagoas<\/strong><\/p>\n<p>&nbsp;<\/p>\n","protected":false},"excerpt":{"rendered":"<p>Acatar a recomenda\u00e7\u00e3o governamental para ficar em casa nunca foi t\u00e3o importante quanto agora. A avalia\u00e7\u00e3o un\u00e2nime entre pesquisadores e autoridades m\u00e9dicas e da \u00e1rea de sa\u00fade no combate ao novo coronav\u00edrus ganhou refor\u00e7o da Sociedade de Medicina de Alagoas (SMA), a partir de nota emitida na \u00faltima sexta-feira (10). \u201cA Sociedade de Medicina de &hellip;<\/p>\n","protected":false},"author":1,"featured_media":5379,"comment_status":"open","ping_status":"open","sticky":false,"template":"","format":"standard","meta":{"_jetpack_newsletter_access":"","_jetpack_dont_email_post_to_subs":false,"_jetpack_newsletter_tier_id":0,"_jetpack_memberships_contains_paywalled_content":false,"_jetpack_memberships_contains_paid_content":false,"footnotes":""},"categories":[1],"tags":[],"class_list":["post-5378","post","type-post","status-publish","format-standard","has-post-thumbnail","hentry","category-destaque"],"jetpack_sharing_enabled":true,"jetpack_featured_media_url":"","_links":{"self":[{"href":"https:\/\/www.oparanews.com.br\/index.php\/wp-json\/wp\/v2\/posts\/5378","targetHints":{"allow":["GET"]}}],"collection":[{"href":"https:\/\/www.oparanews.com.br\/index.php\/wp-json\/wp\/v2\/posts"}],"about":[{"href":"https:\/\/www.oparanews.com.br\/index.php\/wp-json\/wp\/v2\/types\/post"}],"author":[{"embeddable":true,"href":"https:\/\/www.oparanews.com.br\/index.php\/wp-json\/wp\/v2\/users\/1"}],"replies":[{"embeddable":true,"href":"https:\/\/www.oparanews.com.br\/index.php\/wp-json\/wp\/v2\/comments?post=5378"}],"version-history":[{"count":0,"href":"https:\/\/www.oparanews.com.br\/index.php\/wp-json\/wp\/v2\/posts\/5378\/revisions"}],"wp:attachment":[{"href":"https:\/\/www.oparanews.com.br\/index.php\/wp-json\/wp\/v2\/media?parent=5378"}],"wp:term":[{"taxonomy":"category","embeddable":true,"href":"https:\/\/www.oparanews.com.br\/index.php\/wp-json\/wp\/v2\/categories?post=5378"},{"taxonomy":"post_tag","embeddable":true,"href":"https:\/\/www.oparanews.com.br\/index.php\/wp-json\/wp\/v2\/tags?post=5378"}],"curies":[{"name":"wp","href":"https:\/\/api.w.org\/{rel}","templated":true}]}}