{"id":5435,"date":"2020-04-15T00:27:38","date_gmt":"2020-04-15T00:27:38","guid":{"rendered":"https:\/\/oparanews.com.br\/?p=5435"},"modified":"2020-04-15T00:27:38","modified_gmt":"2020-04-15T00:27:38","slug":"tenorio-acredita-que-competicoes-nao-devem-voltar-no-inicio-de-maio","status":"publish","type":"post","link":"https:\/\/www.oparanews.com.br\/index.php\/2020\/04\/15\/tenorio-acredita-que-competicoes-nao-devem-voltar-no-inicio-de-maio\/","title":{"rendered":"Ten\u00f3rio acredita que competi\u00e7\u00f5es n\u00e3o devem voltar no in\u00edcio de maio"},"content":{"rendered":"<p>Ap\u00f3s a decis\u00e3o dos clubes das s\u00e9ries A e B do Campeonato Brasileiro em prorrogar o per\u00edodo de f\u00e9rias dos jogadores por mais 10 dias, o presidente do CSA, Rafael Ten\u00f3rio, conversou com a Gazetaweb sobre a decis\u00e3o. Ele foi o representante do Azul\u00e3o no encontro online.<\/p>\n<p>&#8220;Foi prorrogado por mais 10 dias em comum acordo entre os clubes e a CBF (Confedera\u00e7\u00e3o Brasileira de Futebol)&#8221;, disse.<\/p>\n<p>O mandat\u00e1rio azulino ainda foi mais al\u00e9m e n\u00e3o se mostrou otimista com rela\u00e7\u00e3o a volta das competi\u00e7\u00f5es de futebol no tempo previsto pela entidade nacional.<\/p>\n<p>&#8220;Na minha opini\u00e3o, eu acredito que as competi\u00e7\u00f5es n\u00e3o voltar\u00e3o no tempo previsto&#8221;, afirmou Ten\u00f3rio, que ainda destacou que, na reuni\u00e3o, n\u00e3o foi discuto nada sobre poss\u00edveis novas prorroga\u00e7\u00f5es.<\/p>\n<p>Sobre a poss\u00edvel proposta da CBF de que as partidas das duas primeiras divis\u00f5es do Campeonato Brasileiro poderiam acontecer no estado de S\u00e3o Paulo, ele afirmou que tamb\u00e9m n\u00e3o houve discuss\u00e3o.<\/p>\n<p>&#8220;N\u00e3o foi discutido. Para mim, futebol n\u00e3o foi feito para jogar de port\u00f5es fechados, n\u00e3o \u00e9 coisa s\u00f3 para a televis\u00e3o&#8221;, disse o presidente do clube marujo.<\/p>\n<p>Alguns jogadores do elenco, como Alecsandro e Jean Kl\u00e9ber, t\u00eam o fim do contrato neste m\u00eas de abril, mas Rafael disse que o tema ainda n\u00e3o foi conversado. &#8220;Essa n\u00e3o \u00e9 a hora de romper contrato ou contratar ningu\u00e9m, porque a gente n\u00e3o tem receita para isso&#8221;, finalizou ele.<\/p>\n<p>&nbsp;<\/p>\n<p><strong>por Debora Rodrigues\/Gazetaweb<\/strong><\/p>\n<p>&nbsp;<\/p>\n","protected":false},"excerpt":{"rendered":"<p>Ap\u00f3s a decis\u00e3o dos clubes das s\u00e9ries A e B do Campeonato Brasileiro em prorrogar o per\u00edodo de f\u00e9rias dos jogadores por mais 10 dias, o presidente do CSA, Rafael Ten\u00f3rio, conversou com a Gazetaweb sobre a decis\u00e3o. Ele foi o representante do Azul\u00e3o no encontro online. &#8220;Foi prorrogado por mais 10 dias em comum &hellip;<\/p>\n","protected":false},"author":1,"featured_media":5436,"comment_status":"open","ping_status":"open","sticky":false,"template":"","format":"standard","meta":{"_jetpack_newsletter_access":"","_jetpack_dont_email_post_to_subs":false,"_jetpack_newsletter_tier_id":0,"_jetpack_memberships_contains_paywalled_content":false,"_jetpack_memberships_contains_paid_content":false,"footnotes":""},"categories":[1],"tags":[],"class_list":["post-5435","post","type-post","status-publish","format-standard","has-post-thumbnail","hentry","category-destaque"],"jetpack_sharing_enabled":true,"jetpack_featured_media_url":"","_links":{"self":[{"href":"https:\/\/www.oparanews.com.br\/index.php\/wp-json\/wp\/v2\/posts\/5435","targetHints":{"allow":["GET"]}}],"collection":[{"href":"https:\/\/www.oparanews.com.br\/index.php\/wp-json\/wp\/v2\/posts"}],"about":[{"href":"https:\/\/www.oparanews.com.br\/index.php\/wp-json\/wp\/v2\/types\/post"}],"author":[{"embeddable":true,"href":"https:\/\/www.oparanews.com.br\/index.php\/wp-json\/wp\/v2\/users\/1"}],"replies":[{"embeddable":true,"href":"https:\/\/www.oparanews.com.br\/index.php\/wp-json\/wp\/v2\/comments?post=5435"}],"version-history":[{"count":0,"href":"https:\/\/www.oparanews.com.br\/index.php\/wp-json\/wp\/v2\/posts\/5435\/revisions"}],"wp:attachment":[{"href":"https:\/\/www.oparanews.com.br\/index.php\/wp-json\/wp\/v2\/media?parent=5435"}],"wp:term":[{"taxonomy":"category","embeddable":true,"href":"https:\/\/www.oparanews.com.br\/index.php\/wp-json\/wp\/v2\/categories?post=5435"},{"taxonomy":"post_tag","embeddable":true,"href":"https:\/\/www.oparanews.com.br\/index.php\/wp-json\/wp\/v2\/tags?post=5435"}],"curies":[{"name":"wp","href":"https:\/\/api.w.org\/{rel}","templated":true}]}}