{"id":5455,"date":"2020-04-15T12:05:14","date_gmt":"2020-04-15T12:05:14","guid":{"rendered":"https:\/\/oparanews.com.br\/?p=5455"},"modified":"2020-04-15T12:05:14","modified_gmt":"2020-04-15T12:05:14","slug":"monique-alfradique-faz-estreia-como-apresentadora","status":"publish","type":"post","link":"https:\/\/www.oparanews.com.br\/index.php\/2020\/04\/15\/monique-alfradique-faz-estreia-como-apresentadora\/","title":{"rendered":"Monique Alfradique faz estreia como apresentadora"},"content":{"rendered":"<p>Sucesso como atriz, Monique Alfradique resolveu explorar novos ramos. Agora, a artista iniciar\u00e1 a carreira de apresentadora. Para quem n\u00e3o sabe, ela recebeu o convite para participar da segunda temporada de Mestre do Sabor.<\/p>\n<p>Comandando o reality culin\u00e1rio com Claude Troisgros e Jo\u00e3o Batista, al\u00e9m de aparecer no palco da competi\u00e7\u00e3o, Monique tamb\u00e9m far\u00e1 as reportagens nos bastidores do programa.<\/p>\n<p>\u201cRecebi o convite da dire\u00e7\u00e3o do programa e fiquei muito feliz. Eu j\u00e1 acompanhava o programa e queria experimentar algo diferente. Ent\u00e3o, ter a oportunidade de estrear em algo novo logo no Mestre do Sabor, com um time t\u00e3o incr\u00edvel e talentosos\u2026 Topei na hora, me organizei com as datas e conseguimos gravar toda a segunda temporada com exce\u00e7\u00e3o da final\u201c, contou Monique, em entrevista \u00e0 coluna de Leo Dias, do UOL.<\/p>\n<p>\u201cOs brasileiros ter\u00e3o algo in\u00e9dito pra ver na TV e com um conte\u00fado divertido, saboroso e emocionante, tem tanta hist\u00f3ria bacana\u201c, completou a atriz super empolgada<\/p>\n<p>Al\u00e9m de trabalhar como apresentadora na TV, Monique Alfradique tamb\u00e9m ir\u00e1 comandar um programa pr\u00f3prio, o De Quinta com Monique Alfradique, que acontece em formato de live, no seu perfil do Instagram. \u201cNessa quarentena eu coloquei de p\u00e9 o projeto De quinta com Monique Alfradique, onde toda quinta eu bato um papo com artistas e especialistas de uma maneira mais descontra\u00edda, com desafios e dicas\u201c, explicou a atriz.<\/p>\n<p>\u201cO primeiro foi com a Vit\u00f3ria Strada e Marcella Rica e amei, foi muito divertido. Logo mais teremos Paula Fernandes, Rainer Cadete e muito mais\u201c, adiantou.<\/p>\n<p>Al\u00e9m disso, a mais nova apresentadora ainda arranjou um tempinho para gravar uma s\u00e9rie de casa mesmo. \u201cTem mais, junto com a produtora Floresta e o Multishow estou fazendo a s\u00e9rie \u201cVai passar\u201d que estamos gravando de nossas casas e fala divertidamente sobre esse momento em que estamos isolados. Tem Hassum, Rodrigo Santana e outros\u201d, revelou.<\/p>\n<p>&nbsp;<\/p>\n<p><strong>Fonte: RD1<\/strong><\/p>\n<p>&nbsp;<\/p>\n","protected":false},"excerpt":{"rendered":"<p>Sucesso como atriz, Monique Alfradique resolveu explorar novos ramos. Agora, a artista iniciar\u00e1 a carreira de apresentadora. Para quem n\u00e3o sabe, ela recebeu o convite para participar da segunda temporada de Mestre do Sabor. Comandando o reality culin\u00e1rio com Claude Troisgros e Jo\u00e3o Batista, al\u00e9m de aparecer no palco da competi\u00e7\u00e3o, Monique tamb\u00e9m far\u00e1 as &hellip;<\/p>\n","protected":false},"author":1,"featured_media":5456,"comment_status":"open","ping_status":"open","sticky":false,"template":"","format":"standard","meta":{"_jetpack_newsletter_access":"","_jetpack_dont_email_post_to_subs":false,"_jetpack_newsletter_tier_id":0,"_jetpack_memberships_contains_paywalled_content":false,"_jetpack_memberships_contains_paid_content":false,"footnotes":""},"categories":[1],"tags":[],"class_list":["post-5455","post","type-post","status-publish","format-standard","has-post-thumbnail","hentry","category-destaque"],"jetpack_sharing_enabled":true,"jetpack_featured_media_url":"","_links":{"self":[{"href":"https:\/\/www.oparanews.com.br\/index.php\/wp-json\/wp\/v2\/posts\/5455","targetHints":{"allow":["GET"]}}],"collection":[{"href":"https:\/\/www.oparanews.com.br\/index.php\/wp-json\/wp\/v2\/posts"}],"about":[{"href":"https:\/\/www.oparanews.com.br\/index.php\/wp-json\/wp\/v2\/types\/post"}],"author":[{"embeddable":true,"href":"https:\/\/www.oparanews.com.br\/index.php\/wp-json\/wp\/v2\/users\/1"}],"replies":[{"embeddable":true,"href":"https:\/\/www.oparanews.com.br\/index.php\/wp-json\/wp\/v2\/comments?post=5455"}],"version-history":[{"count":0,"href":"https:\/\/www.oparanews.com.br\/index.php\/wp-json\/wp\/v2\/posts\/5455\/revisions"}],"wp:attachment":[{"href":"https:\/\/www.oparanews.com.br\/index.php\/wp-json\/wp\/v2\/media?parent=5455"}],"wp:term":[{"taxonomy":"category","embeddable":true,"href":"https:\/\/www.oparanews.com.br\/index.php\/wp-json\/wp\/v2\/categories?post=5455"},{"taxonomy":"post_tag","embeddable":true,"href":"https:\/\/www.oparanews.com.br\/index.php\/wp-json\/wp\/v2\/tags?post=5455"}],"curies":[{"name":"wp","href":"https:\/\/api.w.org\/{rel}","templated":true}]}}