{"id":5466,"date":"2020-04-15T20:00:41","date_gmt":"2020-04-15T20:00:41","guid":{"rendered":"https:\/\/oparanews.com.br\/?p=5466"},"modified":"2020-04-15T20:00:41","modified_gmt":"2020-04-15T20:00:41","slug":"governo-publica-portaria-que-autoriza-uso-da-cloroquina-no-tratamento-da-covid-19","status":"publish","type":"post","link":"https:\/\/www.oparanews.com.br\/index.php\/2020\/04\/15\/governo-publica-portaria-que-autoriza-uso-da-cloroquina-no-tratamento-da-covid-19\/","title":{"rendered":"Governo publica portaria que autoriza uso da cloroquina no tratamento da Covid-19"},"content":{"rendered":"<p>O governo de Alagoas publicou um decreto no Di\u00e1rio Oficial do Estado (DOE) que libera o uso de hidroxocloroquina e cloroquina no tratamento da Covid-19, doen\u00e7a causada pelo novo coronav\u00edrus. Segundo a portaria, o uso foi liberado apenas para pacientes hospitalizados em decorr\u00eancia da doen\u00e7a.<\/p>\n<p>A indica\u00e7\u00e3o passa a valer a partir desta quarta-feira (15). O governador Renan Filho anunciou em suas redes sociais sobre essa libera\u00e7\u00e3o na ter\u00e7a (14)<\/p>\n<p>Segundo a publica\u00e7\u00e3o, embora ainda n\u00e3o haja comprova\u00e7\u00e3o cient\u00edfica, a subst\u00e2ncia \u00e9 a que mais se aproxima de uma indica\u00e7\u00e3o de melhora no uso no tratamento, e dever\u00e1 ser usada no tratamento de pessoas hospitalizadas com a Covid-19.<\/p>\n<p>O uso da cloroquina \u00e9 alvo de estudos. Apesar de evid\u00eancias positivas, n\u00e3o h\u00e1 resultados conclusivos e m\u00e9dicos alertam para os efeitos colaterais, como a arritmia card\u00edaca. A Organiza\u00e7\u00e3o Mundial da Sa\u00fade (OMS) diz que nenhum medicamento, at\u00e9 agora, se mostrou seguro e eficaz contra a Covid-19. No Brasil, o Minist\u00e9rio da Sa\u00fade divulgou protocolo que indica o uso da cloroquina para pacientes graves e moderados.<\/p>\n<p>Para ser utilizada, o m\u00e9dico dever\u00e1 conversar primeiro com o paciente, que assinar\u00e1 um termo de consentimento do uso. O m\u00e9dico tamb\u00e9m dever\u00e1 assinar um termo, confirmando que esclareceu ao paciente e seus familiares sobre as possibilidades do tratamento com o uso da droga.<\/p>\n<p>No termo que ser\u00e1 assinado pelo paciente, fica explicado que \u201ca cloroquina e a hidroxicloroquina s\u00e3o medicamentos dispon\u00edveis h\u00e1 muitos anos para a preven\u00e7\u00e3o e tratamento da mal\u00e1ria e tamb\u00e9m para o tratamento de algumas doen\u00e7as reum\u00e1ticas como artrite reumatoide e l\u00fapus. Alguns estudos cient\u00edficos indicam que estes medicamentos podem inibir a replica\u00e7\u00e3o do v\u00edrus, o que pode reduzir as complica\u00e7\u00f5es causadas pela infec\u00e7\u00e3o\u201d.<\/p>\n<p>A hidroxicloroquina e a cloroquina dever\u00e3o ser administradas tanto em casos leves e moderados, quanto nos casos mais graves, em posologias diferentes.<\/p>\n<p><strong>Casos em Alagoas<\/strong><\/p>\n<p>At\u00e9 o dia 14 de abril, foram confirmadas 4 mortes por Covid-19, em pacientes com 63, 77, 78 e 79 anos.<\/p>\n<p>Outras 16 pessoas contaminadas pelo novo coronav\u00edrus s\u00e3o consideradas curadas. Elas j\u00e1 finalizaram o isolamento domiciliar ou tiveram alta hospitalar e n\u00e3o apresentam mais sintomas da doen\u00e7a.<\/p>\n<p>Segundo a Sesau, 10 profissionais da sa\u00fade foram diagnosticados com Covid-19. Segundo o levantamento da Sesau, testaram positivo para o v\u00edrus 2 m\u00e9dicos e 2 enfermeiros da rede estadual da Sa\u00fade, e 4 enfermeiros e 2 t\u00e9cnicos de enfermagem do Servi\u00e7o de Atendimento M\u00f3vel de Urg\u00eancia (Samu) de Alagoas. Todos est\u00e3o em isolamento domiciliar.<\/p>\n<p>&nbsp;<\/p>\n<p><strong>Fonte: G1\/AL<\/strong><\/p>\n<p>&nbsp;<\/p>\n","protected":false},"excerpt":{"rendered":"<p>O governo de Alagoas publicou um decreto no Di\u00e1rio Oficial do Estado (DOE) que libera o uso de hidroxocloroquina e cloroquina no tratamento da Covid-19, doen\u00e7a causada pelo novo coronav\u00edrus. Segundo a portaria, o uso foi liberado apenas para pacientes hospitalizados em decorr\u00eancia da doen\u00e7a. A indica\u00e7\u00e3o passa a valer a partir desta quarta-feira (15). &hellip;<\/p>\n","protected":false},"author":1,"featured_media":5467,"comment_status":"open","ping_status":"open","sticky":false,"template":"","format":"standard","meta":{"_jetpack_newsletter_access":"","_jetpack_dont_email_post_to_subs":false,"_jetpack_newsletter_tier_id":0,"_jetpack_memberships_contains_paywalled_content":false,"_jetpack_memberships_contains_paid_content":false,"footnotes":""},"categories":[1],"tags":[],"class_list":["post-5466","post","type-post","status-publish","format-standard","has-post-thumbnail","hentry","category-destaque"],"jetpack_sharing_enabled":true,"jetpack_featured_media_url":"","_links":{"self":[{"href":"https:\/\/www.oparanews.com.br\/index.php\/wp-json\/wp\/v2\/posts\/5466","targetHints":{"allow":["GET"]}}],"collection":[{"href":"https:\/\/www.oparanews.com.br\/index.php\/wp-json\/wp\/v2\/posts"}],"about":[{"href":"https:\/\/www.oparanews.com.br\/index.php\/wp-json\/wp\/v2\/types\/post"}],"author":[{"embeddable":true,"href":"https:\/\/www.oparanews.com.br\/index.php\/wp-json\/wp\/v2\/users\/1"}],"replies":[{"embeddable":true,"href":"https:\/\/www.oparanews.com.br\/index.php\/wp-json\/wp\/v2\/comments?post=5466"}],"version-history":[{"count":0,"href":"https:\/\/www.oparanews.com.br\/index.php\/wp-json\/wp\/v2\/posts\/5466\/revisions"}],"wp:attachment":[{"href":"https:\/\/www.oparanews.com.br\/index.php\/wp-json\/wp\/v2\/media?parent=5466"}],"wp:term":[{"taxonomy":"category","embeddable":true,"href":"https:\/\/www.oparanews.com.br\/index.php\/wp-json\/wp\/v2\/categories?post=5466"},{"taxonomy":"post_tag","embeddable":true,"href":"https:\/\/www.oparanews.com.br\/index.php\/wp-json\/wp\/v2\/tags?post=5466"}],"curies":[{"name":"wp","href":"https:\/\/api.w.org\/{rel}","templated":true}]}}