{"id":5484,"date":"2020-04-16T02:06:10","date_gmt":"2020-04-16T02:06:10","guid":{"rendered":"https:\/\/oparanews.com.br\/?p=5484"},"modified":"2020-04-16T02:06:10","modified_gmt":"2020-04-16T02:06:10","slug":"audio-leitos-de-uti-em-penedo-ja-tem-lugar-definido","status":"publish","type":"post","link":"https:\/\/www.oparanews.com.br\/index.php\/2020\/04\/16\/audio-leitos-de-uti-em-penedo-ja-tem-lugar-definido\/","title":{"rendered":"\u00c1UDIO: Leitos de UTI em Penedo j\u00e1 tem lugar definido para serem instalados"},"content":{"rendered":"<p>Em entrevista concedida ao Programa Grande Rio Esporte desta quarta-feira, 15, o secret\u00e1rio municipal de Sa\u00fade, Marcos Beltr\u00e3o, dentre v\u00e1rios assuntos pertinentes ao combate do Coronav\u00edrus no munic\u00edpio, ele tamb\u00e9m falou sobre a instala\u00e7\u00e3o dos 10 leitos de UTI na cidade ribeirinha.<\/p>\n<p>Marcos Beltr\u00e3o preferiu n\u00e3o divulgar no momento onde ser\u00e3o instalados os leitos de UTI, mas adiantou que o local j\u00e1 est\u00e1 praticamente definido.<\/p>\n<p>Confira abaixo a entrevista completa.<\/p>\n<audio class=\"wp-audio-shortcode\" id=\"audio-5484-1\" preload=\"none\" style=\"width: 100%;\" controls=\"controls\"><source type=\"audio\/mpeg\" src=\"https:\/\/oparanews.com.br\/wp-content\/uploads\/2020\/04\/AUDIO-WALDER-LIMA-E-MARCOS-BELTRAO.mp3?_=1\" \/><a href=\"https:\/\/oparanews.com.br\/wp-content\/uploads\/2020\/04\/AUDIO-WALDER-LIMA-E-MARCOS-BELTRAO.mp3\">https:\/\/oparanews.com.br\/wp-content\/uploads\/2020\/04\/AUDIO-WALDER-LIMA-E-MARCOS-BELTRAO.mp3<\/a><\/audio>\n<p><strong>por Reda\u00e7\u00e3o<\/strong><\/p>\n<p><a href=\"https:\/\/oparanews.com.br\/wp-content\/uploads\/2020\/04\/IMG_20200415_191024-scaled.jpg\"><img loading=\"lazy\" decoding=\"async\" class=\"alignleft size-medium wp-image-5487\" src=\"https:\/\/oparanews.com.br\/wp-content\/uploads\/2020\/04\/IMG_20200415_191024-300x225.jpg\" alt=\"\" width=\"300\" height=\"225\" \/><\/a> <a href=\"https:\/\/oparanews.com.br\/wp-content\/uploads\/2020\/04\/IMG_20200415_182423-scaled.jpg\"><img loading=\"lazy\" decoding=\"async\" class=\"alignleft size-medium wp-image-5488\" src=\"https:\/\/oparanews.com.br\/wp-content\/uploads\/2020\/04\/IMG_20200415_182423-300x225.jpg\" alt=\"\" width=\"300\" height=\"225\" \/><\/a><\/p>\n<p>&nbsp;<\/p>\n<p>&nbsp;<\/p>\n<p>&nbsp;<\/p>\n<p>&nbsp;<\/p>\n<p>&nbsp;<\/p>\n<p>&nbsp;<\/p>\n","protected":false},"excerpt":{"rendered":"<p>Em entrevista concedida ao Programa Grande Rio Esporte desta quarta-feira, 15, o secret\u00e1rio municipal de Sa\u00fade, Marcos Beltr\u00e3o, dentre v\u00e1rios assuntos pertinentes ao combate do Coronav\u00edrus no munic\u00edpio, ele tamb\u00e9m falou sobre a instala\u00e7\u00e3o dos 10 leitos de UTI na cidade ribeirinha. Marcos Beltr\u00e3o preferiu n\u00e3o divulgar no momento onde ser\u00e3o instalados os leitos de &hellip;<\/p>\n","protected":false},"author":1,"featured_media":5486,"comment_status":"open","ping_status":"open","sticky":false,"template":"","format":"standard","meta":{"_jetpack_newsletter_access":"","_jetpack_dont_email_post_to_subs":false,"_jetpack_newsletter_tier_id":0,"_jetpack_memberships_contains_paywalled_content":false,"_jetpack_memberships_contains_paid_content":false,"footnotes":""},"categories":[1],"tags":[],"class_list":["post-5484","post","type-post","status-publish","format-standard","has-post-thumbnail","hentry","category-destaque"],"jetpack_sharing_enabled":true,"jetpack_featured_media_url":"","_links":{"self":[{"href":"https:\/\/www.oparanews.com.br\/index.php\/wp-json\/wp\/v2\/posts\/5484","targetHints":{"allow":["GET"]}}],"collection":[{"href":"https:\/\/www.oparanews.com.br\/index.php\/wp-json\/wp\/v2\/posts"}],"about":[{"href":"https:\/\/www.oparanews.com.br\/index.php\/wp-json\/wp\/v2\/types\/post"}],"author":[{"embeddable":true,"href":"https:\/\/www.oparanews.com.br\/index.php\/wp-json\/wp\/v2\/users\/1"}],"replies":[{"embeddable":true,"href":"https:\/\/www.oparanews.com.br\/index.php\/wp-json\/wp\/v2\/comments?post=5484"}],"version-history":[{"count":0,"href":"https:\/\/www.oparanews.com.br\/index.php\/wp-json\/wp\/v2\/posts\/5484\/revisions"}],"wp:attachment":[{"href":"https:\/\/www.oparanews.com.br\/index.php\/wp-json\/wp\/v2\/media?parent=5484"}],"wp:term":[{"taxonomy":"category","embeddable":true,"href":"https:\/\/www.oparanews.com.br\/index.php\/wp-json\/wp\/v2\/categories?post=5484"},{"taxonomy":"post_tag","embeddable":true,"href":"https:\/\/www.oparanews.com.br\/index.php\/wp-json\/wp\/v2\/tags?post=5484"}],"curies":[{"name":"wp","href":"https:\/\/api.w.org\/{rel}","templated":true}]}}