{"id":5490,"date":"2020-04-16T02:09:33","date_gmt":"2020-04-16T02:09:33","guid":{"rendered":"https:\/\/oparanews.com.br\/?p=5490"},"modified":"2020-04-16T02:09:33","modified_gmt":"2020-04-16T02:09:33","slug":"estamos-cansados-diz-wanderson-sobre-pedido-de-demissao","status":"publish","type":"post","link":"https:\/\/www.oparanews.com.br\/index.php\/2020\/04\/16\/estamos-cansados-diz-wanderson-sobre-pedido-de-demissao\/","title":{"rendered":"&#8220;Estamos cansados&#8221;, diz Wanderson sobre pedido de demiss\u00e3o"},"content":{"rendered":"<p>Respons\u00e1vel diretamente pela estrat\u00e9gia de combate ao novo coronav\u00edrus, o secret\u00e1rio de Vigil\u00e2ncia em Sa\u00fade do Minist\u00e9rio da Sa\u00fade, Wanderson Oliveira, apontou nesta quarta-feira o cansa\u00e7o como uma das raz\u00f5es para ter apresentado pedido de demiss\u00e3o do cargo nesta manh\u00e3, que acabou sendo rejeitado pelo ministro Luiz Henrique Mandetta.<\/p>\n<p>&#8220;Estamos muito cansados, estamos muito cansados. Eu n\u00e3o pedi demiss\u00e3o diretamente ao ministro, eu falei para a minha equipe. A mensagem que est\u00e1 com a minha equipe \u00e9: &#8216;vamos nos preparar para sair junto com o ministro Mandetta&#8221;, disse Wanderson, ao lado do titular da pasta, em entrevista coletiva no Pal\u00e1cio do Planalto.<\/p>\n<p>Segundo o secret\u00e1rio, essa eventual sa\u00edda do minist\u00e9rio j\u00e1 vinha sendo discutida h\u00e1 algumas semanas, diante da instabilidade acerca da pr\u00f3pria perman\u00eancia de Mandetta no cargo devido aos atritos com o presidente Jair Bolsonaro sobre a forma de enfrentamento \u00e0 pandemia.<\/p>\n<p>Wanderson disse que, no enfrentamento \u00e0 Covid-19, a etapa atual \u00e9 muito mais da assist\u00eancia do que da vigil\u00e2ncia.<\/p>\n<p>&#8220;Mas eu n\u00e3o vou deixar o ministro, estamos juntos. Eu n\u00e3o tenho um motivo especifico. \u00c9 isso, n\u00f3s estamos cansados&#8221;, refor\u00e7ou.<\/p>\n<p>Um dos homens de confian\u00e7a de Mandetta, Wanderson enviou uma carta a seus subordinados na manh\u00e3 desta quarta-feira avisando que n\u00e3o ficaria mais no minist\u00e9rio e que o ministro havia informado a seus auxiliares que seria demitido at\u00e9 o final desta semana.<\/p>\n<p>Em reuni\u00e3o com os secret\u00e1rios estaduais de Sa\u00fade nesta manh\u00e3, Wanderson informou aos colegas que ficaria no cargo apenas at\u00e9 sexta-feira, com ou sem a demiss\u00e3o do ministro. Mandetta, no entanto, anunciou em entrevista coletiva no final da tarde que havia recusado o pedido de sa\u00edda do secret\u00e1rio.<\/p>\n<p>&#8220;Vamos trabalhar juntos at\u00e9 o momento de sairmos juntos do Minist\u00e9rio da Sa\u00fade&#8221;, disse o ministro.<\/p>\n<p>O secret\u00e1rio repetiu declara\u00e7\u00f5es de Mandetta de que nenhum membro do grupo atual do minist\u00e9rio era &#8220;insubstitu\u00edvel&#8221;. Ele destacou que a equipe de vigil\u00e2ncia em sa\u00fade \u00e9 &#8220;muito forte&#8221; e vai continuar seu trabalho.<\/p>\n<p>&#8220;Estamos trabalhando para quem quer que venha d\u00ea continuidade ao trabalho da melhor forma poss\u00edvel&#8221;, disse Wanderson, ap\u00f3s ter dito ser servidor de carreira e observado que cargos eletivos s\u00e3o passageiros.<\/p>\n<p>&nbsp;<\/p>\n<p><strong>Fonte: Terra<\/strong><\/p>\n<p>&nbsp;<\/p>\n","protected":false},"excerpt":{"rendered":"<p>Respons\u00e1vel diretamente pela estrat\u00e9gia de combate ao novo coronav\u00edrus, o secret\u00e1rio de Vigil\u00e2ncia em Sa\u00fade do Minist\u00e9rio da Sa\u00fade, Wanderson Oliveira, apontou nesta quarta-feira o cansa\u00e7o como uma das raz\u00f5es para ter apresentado pedido de demiss\u00e3o do cargo nesta manh\u00e3, que acabou sendo rejeitado pelo ministro Luiz Henrique Mandetta. &#8220;Estamos muito cansados, estamos muito cansados. &hellip;<\/p>\n","protected":false},"author":1,"featured_media":5491,"comment_status":"open","ping_status":"open","sticky":false,"template":"","format":"standard","meta":{"_jetpack_newsletter_access":"","_jetpack_dont_email_post_to_subs":false,"_jetpack_newsletter_tier_id":0,"_jetpack_memberships_contains_paywalled_content":false,"_jetpack_memberships_contains_paid_content":false,"footnotes":""},"categories":[1],"tags":[],"class_list":["post-5490","post","type-post","status-publish","format-standard","has-post-thumbnail","hentry","category-destaque"],"jetpack_sharing_enabled":true,"jetpack_featured_media_url":"","_links":{"self":[{"href":"https:\/\/www.oparanews.com.br\/index.php\/wp-json\/wp\/v2\/posts\/5490","targetHints":{"allow":["GET"]}}],"collection":[{"href":"https:\/\/www.oparanews.com.br\/index.php\/wp-json\/wp\/v2\/posts"}],"about":[{"href":"https:\/\/www.oparanews.com.br\/index.php\/wp-json\/wp\/v2\/types\/post"}],"author":[{"embeddable":true,"href":"https:\/\/www.oparanews.com.br\/index.php\/wp-json\/wp\/v2\/users\/1"}],"replies":[{"embeddable":true,"href":"https:\/\/www.oparanews.com.br\/index.php\/wp-json\/wp\/v2\/comments?post=5490"}],"version-history":[{"count":0,"href":"https:\/\/www.oparanews.com.br\/index.php\/wp-json\/wp\/v2\/posts\/5490\/revisions"}],"wp:attachment":[{"href":"https:\/\/www.oparanews.com.br\/index.php\/wp-json\/wp\/v2\/media?parent=5490"}],"wp:term":[{"taxonomy":"category","embeddable":true,"href":"https:\/\/www.oparanews.com.br\/index.php\/wp-json\/wp\/v2\/categories?post=5490"},{"taxonomy":"post_tag","embeddable":true,"href":"https:\/\/www.oparanews.com.br\/index.php\/wp-json\/wp\/v2\/tags?post=5490"}],"curies":[{"name":"wp","href":"https:\/\/api.w.org\/{rel}","templated":true}]}}