{"id":5499,"date":"2020-04-17T00:13:55","date_gmt":"2020-04-17T00:13:55","guid":{"rendered":"https:\/\/oparanews.com.br\/?p=5499"},"modified":"2020-04-17T00:13:55","modified_gmt":"2020-04-17T00:13:55","slug":"bolsonaro-demite-mandetta-da-saude-teich-assume-a-pasta","status":"publish","type":"post","link":"https:\/\/www.oparanews.com.br\/index.php\/2020\/04\/17\/bolsonaro-demite-mandetta-da-saude-teich-assume-a-pasta\/","title":{"rendered":"Bolsonaro demite Mandetta da Sa\u00fade; Teich assume a pasta"},"content":{"rendered":"<p>Apesar do trabalho aprovado por 76% da popula\u00e7\u00e3o, de acordo com uma pesquisa do Instituto Datafolha, durante a crise do corav\u00edrus, o ministro da Sa\u00fade, Luiz Henrique Mandetta, foi demitido nesta quinta-feira (16) pelo presidente Jair Bolsonaro. O pr\u00f3prio ministro confirmou a informa\u00e7\u00e3o atrav\u00e9s do Twitter. &#8220;Acabo de ouvir do presidente Jair Bolsonaro o aviso da minha demiss\u00e3o do Minist\u00e9rio da Sa\u00fade. Quero agradecer a oportunidade que me foi dada, de ser gerente do nosso SUS, de p\u00f4r de p\u00e9 o projeto de melhoria da sa\u00fade dos brasileiros&#8221;, escreveu Mandetta. A exonera\u00e7\u00e3o de Mandetta e a nomea\u00e7\u00e3o de Teich j\u00e1 foram publicadas no Di\u00e1rio Oficial da Uni\u00e3o.<\/p>\n<p>Mandetta come\u00e7ou a incomodar Bolsonaro desde o in\u00edcio da epidemia do novo coronav\u00edrus no Brasil. De acordo com interlocutores do Planalto, o presidente se incomodou com o fato de o chefe da pasta da Sa\u00fade estar &#8220;tomando seu protagonismo&#8221;. No entanto, o grande racha entre os dois aconteceu ap\u00f3s Bolsonaro ignorar as recomenda\u00e7\u00f5es da Organiza\u00e7\u00e3o Mundial da Sa\u00fade (OMS) e clamar pela &#8220;volta \u00e0 normalidade&#8221; em um pronunciamento oficial. A gota d&#8217;\u00e1gua tamb\u00e9m teria sido a entrevista de Mandetta ao Fant\u00e1stico no \u00faltimo domingo (12) em que defendeu uma &#8220;fala \u00fanica&#8221; do governo. Desde o in\u00edcio da crise, o presidente brasileiro defendia o fim do isolamento e argumenta que as consequ\u00eancias na economia por conta da paralisa\u00e7\u00e3o seriam ainda mais graves que as da pandemia.<\/p>\n<p>Por diversas vezes, o capit\u00e3o da reserva fez quest\u00e3o de minimizar a doen\u00e7a, chamando a covid-19 de &#8220;gripezinha&#8221; e culpando a imprensa por uma suposta &#8220;histeria&#8221; em torno do tema. A crise ainda agravou ainda mais a rela\u00e7\u00e3o do governo com os governadores de Estado, em especial Jo\u00e3o Doria, de S\u00e3o Paulo, e Wilson Witzel, do Rio de Janeiro, antigos aliados de Bolsonaro.<\/p>\n<p>Entre alguns recuos, o presidente brasileiro acabou mantendo sua posi\u00e7\u00e3o, indo na contram\u00e3o do resto do mundo, incluindo de l\u00edderes de direita, como o norte-americano Donald Trump e o brit\u00e2nico Boris Johnson, que reconheceram os perigos da pandemia. Mandetta tamb\u00e9m chegou a recuar, criticando a imprensa e dizendo que alguns governadores estariam &#8220;exagerando&#8221; com os decretos de quarentena. No entanto, acabou ficando do que chamou de &#8220;lado da ci\u00eancia&#8221; e defendeu as quarentenas, irritando ainda mais Bolsonaro, que afirmava que governadores e prefeitos defendem o isolamento social para prejudicar e economia e, consequentemente, o governo federal.<\/p>\n<p>Ap\u00f3s uma s\u00e9rie de conversas mais r\u00edspidas, com o ministro inclusive colocando o cargo \u00e0 disposi\u00e7\u00e3o em uma discuss\u00e3o no \u00faltimo dia 3, o presidente se reuniu com aliados e determinou a queda de Mandetta, o que acabou n\u00e3o acontecendo naquela semana. A maior press\u00e3o pela sa\u00edda de Mandetta surgiu da chamada &#8220;ala ideol\u00f3gica&#8221; do governo, que tem como representantes os ministros Abraham Weintraub, da Educa\u00e7\u00e3o, e Ernesto Ara\u00fajo, das Rele\u00e7\u00f5es Exteriores, al\u00e9m Carlos e Eduardo Bolsonaro, filhos do presidente.<\/p>\n<p>O oncologista Nelson Teich, que se reuniu com Bolsonaro na manh\u00e3 desta quinta-feira, deve ser o escolhido para assumir o cargo. Teich se reuniu com o presidente pela manh\u00e3, quando, segundo interlocutores do Planalto, causou boa impress\u00e3o. O m\u00e9dico foi consultor da \u00e1rea de sa\u00fade na campanha de Jair Bolsonaro, em 2018, e \u00e9 fundador do Instituto COI, que realiza pesquisas sobre c\u00e2ncer. Teich teve o apoio da classe m\u00e9dica e contou a seu favor a boa rela\u00e7\u00e3o com empres\u00e1rios do setor da sa\u00fade. O argumento pr\u00f3-Teich no Minist\u00e9rio da Sa\u00fade \u00e9 o de que ele trar\u00e1 dados para destravar debates &#8220;politizados&#8221; sobre a covid-19.<\/p>\n<p>Em artigo publicado no dia 3 de abril em sua p\u00e1gina no LinkedIn, o escolhido para a Sa\u00fade critica a discuss\u00e3o polarizada entre a sa\u00fade e a economia. &#8220;Esse tipo de problema \u00e9 desastroso porque trata estrat\u00e9gias complementares e sin\u00e9rgicas como se fossem antag\u00f4nicas. A situa\u00e7\u00e3o foi conduzida de uma forma inadequada, como se tiv\u00e9ssemos que fazer escolhas entre pessoas e dinheiro, entre pacientes e empresas, entre o bem e o mal&#8221;, afirma ele no texto.<\/p>\n<p>&nbsp;<\/p>\n<p><strong>Fonte: Terra<\/strong><\/p>\n<p>&nbsp;<\/p>\n","protected":false},"excerpt":{"rendered":"<p>Apesar do trabalho aprovado por 76% da popula\u00e7\u00e3o, de acordo com uma pesquisa do Instituto Datafolha, durante a crise do corav\u00edrus, o ministro da Sa\u00fade, Luiz Henrique Mandetta, foi demitido nesta quinta-feira (16) pelo presidente Jair Bolsonaro. O pr\u00f3prio ministro confirmou a informa\u00e7\u00e3o atrav\u00e9s do Twitter. &#8220;Acabo de ouvir do presidente Jair Bolsonaro o aviso &hellip;<\/p>\n","protected":false},"author":1,"featured_media":5500,"comment_status":"open","ping_status":"open","sticky":false,"template":"","format":"standard","meta":{"_jetpack_newsletter_access":"","_jetpack_dont_email_post_to_subs":false,"_jetpack_newsletter_tier_id":0,"_jetpack_memberships_contains_paywalled_content":false,"_jetpack_memberships_contains_paid_content":false,"footnotes":""},"categories":[1],"tags":[],"class_list":["post-5499","post","type-post","status-publish","format-standard","has-post-thumbnail","hentry","category-destaque"],"jetpack_sharing_enabled":true,"jetpack_featured_media_url":"","_links":{"self":[{"href":"https:\/\/www.oparanews.com.br\/index.php\/wp-json\/wp\/v2\/posts\/5499","targetHints":{"allow":["GET"]}}],"collection":[{"href":"https:\/\/www.oparanews.com.br\/index.php\/wp-json\/wp\/v2\/posts"}],"about":[{"href":"https:\/\/www.oparanews.com.br\/index.php\/wp-json\/wp\/v2\/types\/post"}],"author":[{"embeddable":true,"href":"https:\/\/www.oparanews.com.br\/index.php\/wp-json\/wp\/v2\/users\/1"}],"replies":[{"embeddable":true,"href":"https:\/\/www.oparanews.com.br\/index.php\/wp-json\/wp\/v2\/comments?post=5499"}],"version-history":[{"count":0,"href":"https:\/\/www.oparanews.com.br\/index.php\/wp-json\/wp\/v2\/posts\/5499\/revisions"}],"wp:attachment":[{"href":"https:\/\/www.oparanews.com.br\/index.php\/wp-json\/wp\/v2\/media?parent=5499"}],"wp:term":[{"taxonomy":"category","embeddable":true,"href":"https:\/\/www.oparanews.com.br\/index.php\/wp-json\/wp\/v2\/categories?post=5499"},{"taxonomy":"post_tag","embeddable":true,"href":"https:\/\/www.oparanews.com.br\/index.php\/wp-json\/wp\/v2\/tags?post=5499"}],"curies":[{"name":"wp","href":"https:\/\/api.w.org\/{rel}","templated":true}]}}