{"id":5502,"date":"2020-04-17T00:18:21","date_gmt":"2020-04-17T00:18:21","guid":{"rendered":"https:\/\/oparanews.com.br\/?p=5502"},"modified":"2020-04-17T00:18:21","modified_gmt":"2020-04-17T00:18:21","slug":"alagoas-tem-89-casos-confirmados-de-covid-19","status":"publish","type":"post","link":"https:\/\/www.oparanews.com.br\/index.php\/2020\/04\/17\/alagoas-tem-89-casos-confirmados-de-covid-19\/","title":{"rendered":"Alagoas tem 89 casos confirmados de Covid-19"},"content":{"rendered":"<p>A Secretaria de Estado da Sa\u00fade (Sesau) informa, nesta quinta-feira (16\/04), que Alagoas tem 89 casos confirmados da Covid-19, al\u00e9m de continuar com cinco \u00f3bitos. Os dados constam no Boletim Epidemiol\u00f3gico 41, que aponta 291 casos em investiga\u00e7\u00e3o e 841 j\u00e1 descartados.<\/p>\n<p>Dos 89 casos confirmados, 82 residem em Alagoas, sendo 70 em Macei\u00f3 e 12 no interior: Porto Real do Col\u00e9gio (01), Palmeira dos \u00cdndios (01), Satuba (01), Boca da Mata (01), Uni\u00e3o dos Palmares (01), Rio Largo (03) e Marechal Deodoro (04). As outras sete pessoas que testaram positivo para a Covid-19 em Alagoas residem no Rio de Janeiro (2), em Bras\u00edlia (2) e em S\u00e3o Paulo (3).<\/p>\n<p>Recuperados \u2013 O Boletim Epidemiol\u00f3gico 41 aponta que, dos 89 casos confirmados em Alagoas para a Covid-19, 24 j\u00e1 finalizaram o isolamento domiciliar, n\u00e3o apresentam mais sintomas da doen\u00e7a e, portanto, est\u00e3o curados.<\/p>\n<p>\u00d3bitos \u2013 Quanto aos \u00f3bitos confirmados em Alagoas, tr\u00eas foram de pessoas residentes em Macei\u00f3; um de um morador de Marechal Deodoro; e um de uma pessoa que residia em S\u00e3o Paulo, segundo o Centro de Informa\u00e7\u00f5es Estrat\u00e9gicas de Vigil\u00e2ncia em Sa\u00fade (Cievs). O primeiro \u00f3bito por Covid-19 em Alagoas foi o de um aposentado de 64 anos, confirmado no dia 31\/03.<\/p>\n<p>A segunda morte em Alagoas por Covid-19 foi a de um aposentado de 78 anos, com confirma\u00e7\u00e3o em 03\/04. A terceira morte ocorreu no \u00faltimo dia 08\/04, tendo como v\u00edtima uma aposentada de 77 anos. O quarto \u00f3bito, de um idoso de 79 anos, ocorreu no \u00faltimo dia 12\/04 e a quinta morte pelo novo coronav\u00edrus foi a de um homem de 48 anos, ocorrida na \u00faltima ter\u00e7a-feira (14\/04).<\/p>\n<p>&nbsp;<\/p>\n<p><strong>Fonte: Ascom Sesau<\/strong><\/p>\n<p>&nbsp;<\/p>\n","protected":false},"excerpt":{"rendered":"<p>A Secretaria de Estado da Sa\u00fade (Sesau) informa, nesta quinta-feira (16\/04), que Alagoas tem 89 casos confirmados da Covid-19, al\u00e9m de continuar com cinco \u00f3bitos. Os dados constam no Boletim Epidemiol\u00f3gico 41, que aponta 291 casos em investiga\u00e7\u00e3o e 841 j\u00e1 descartados. Dos 89 casos confirmados, 82 residem em Alagoas, sendo 70 em Macei\u00f3 e &hellip;<\/p>\n","protected":false},"author":1,"featured_media":5503,"comment_status":"open","ping_status":"open","sticky":false,"template":"","format":"standard","meta":{"_jetpack_newsletter_access":"","_jetpack_dont_email_post_to_subs":false,"_jetpack_newsletter_tier_id":0,"_jetpack_memberships_contains_paywalled_content":false,"_jetpack_memberships_contains_paid_content":false,"footnotes":""},"categories":[1],"tags":[],"class_list":["post-5502","post","type-post","status-publish","format-standard","has-post-thumbnail","hentry","category-destaque"],"jetpack_sharing_enabled":true,"jetpack_featured_media_url":"","_links":{"self":[{"href":"https:\/\/www.oparanews.com.br\/index.php\/wp-json\/wp\/v2\/posts\/5502","targetHints":{"allow":["GET"]}}],"collection":[{"href":"https:\/\/www.oparanews.com.br\/index.php\/wp-json\/wp\/v2\/posts"}],"about":[{"href":"https:\/\/www.oparanews.com.br\/index.php\/wp-json\/wp\/v2\/types\/post"}],"author":[{"embeddable":true,"href":"https:\/\/www.oparanews.com.br\/index.php\/wp-json\/wp\/v2\/users\/1"}],"replies":[{"embeddable":true,"href":"https:\/\/www.oparanews.com.br\/index.php\/wp-json\/wp\/v2\/comments?post=5502"}],"version-history":[{"count":0,"href":"https:\/\/www.oparanews.com.br\/index.php\/wp-json\/wp\/v2\/posts\/5502\/revisions"}],"wp:attachment":[{"href":"https:\/\/www.oparanews.com.br\/index.php\/wp-json\/wp\/v2\/media?parent=5502"}],"wp:term":[{"taxonomy":"category","embeddable":true,"href":"https:\/\/www.oparanews.com.br\/index.php\/wp-json\/wp\/v2\/categories?post=5502"},{"taxonomy":"post_tag","embeddable":true,"href":"https:\/\/www.oparanews.com.br\/index.php\/wp-json\/wp\/v2\/tags?post=5502"}],"curies":[{"name":"wp","href":"https:\/\/api.w.org\/{rel}","templated":true}]}}