{"id":5514,"date":"2020-04-17T00:37:26","date_gmt":"2020-04-17T00:37:26","guid":{"rendered":"https:\/\/oparanews.com.br\/?p=5514"},"modified":"2020-04-17T00:37:26","modified_gmt":"2020-04-17T00:37:26","slug":"brasil-registra-188-mortes-em-24-horas-total-vai-a-1-924","status":"publish","type":"post","link":"https:\/\/www.oparanews.com.br\/index.php\/2020\/04\/17\/brasil-registra-188-mortes-em-24-horas-total-vai-a-1-924\/","title":{"rendered":"Brasil registra 188 mortes em 24 horas; total vai a 1.924"},"content":{"rendered":"<p>O Brasil registrou nesta ter\u00e7a-feira 188 novas mortes provocadas pelo novo coronav\u00edrus e 2.105 novos casos da doen\u00e7a nas \u00faltimas 24 horas, segundo informa\u00e7\u00f5es do Minist\u00e9rio da Sa\u00fade. O n\u00famero de \u00f3bitos por covid-19 registrou queda com rela\u00e7\u00e3o ao dia de ontem, quando foram registrados 204 mortes; A taxa de letalidade est\u00e1 em 6,3%.<\/p>\n<p>O \u00faltimo balan\u00e7o registrou uma queda no registro de novos casos por novo coronav\u00edrus. Na v\u00e9spera, o pa\u00eds havia registrado 3.058 pessoas infectadas, recorde desde que a medi\u00e7\u00e3o come\u00e7ou a ser feita.<\/p>\n<p>O Estado de S\u00e3o Paulo continua sendo o mais afetado. Rio de Janeiro, Cear\u00e1, Amazonas e Pernambuco completam a lista dos cinco Estados com maiores n\u00fameros. Todos os Estados do Brasil t\u00eam \u00f3bitos pela covid-19.<\/p>\n<p>Os novos n\u00fameros surgem em meio \u00e0 troca de comando no Minist\u00e9rio da Sa\u00fade. Ap\u00f3s semanas de desaven\u00e7as, o presidente Jair Bolsonaro demitiu Luiz Henrique Mandetta nesta quinta-feira. O oncologista Nelson Teich vai assumir o cargo.<\/p>\n<p>&nbsp;<\/p>\n<p><strong>Fonte: Terra<\/strong><\/p>\n<p>&nbsp;<\/p>\n","protected":false},"excerpt":{"rendered":"<p>O Brasil registrou nesta ter\u00e7a-feira 188 novas mortes provocadas pelo novo coronav\u00edrus e 2.105 novos casos da doen\u00e7a nas \u00faltimas 24 horas, segundo informa\u00e7\u00f5es do Minist\u00e9rio da Sa\u00fade. O n\u00famero de \u00f3bitos por covid-19 registrou queda com rela\u00e7\u00e3o ao dia de ontem, quando foram registrados 204 mortes; A taxa de letalidade est\u00e1 em 6,3%. O &hellip;<\/p>\n","protected":false},"author":1,"featured_media":5515,"comment_status":"open","ping_status":"open","sticky":false,"template":"","format":"standard","meta":{"_jetpack_newsletter_access":"","_jetpack_dont_email_post_to_subs":false,"_jetpack_newsletter_tier_id":0,"_jetpack_memberships_contains_paywalled_content":false,"_jetpack_memberships_contains_paid_content":false,"footnotes":""},"categories":[1],"tags":[],"class_list":["post-5514","post","type-post","status-publish","format-standard","has-post-thumbnail","hentry","category-destaque"],"jetpack_sharing_enabled":true,"jetpack_featured_media_url":"","_links":{"self":[{"href":"https:\/\/www.oparanews.com.br\/index.php\/wp-json\/wp\/v2\/posts\/5514","targetHints":{"allow":["GET"]}}],"collection":[{"href":"https:\/\/www.oparanews.com.br\/index.php\/wp-json\/wp\/v2\/posts"}],"about":[{"href":"https:\/\/www.oparanews.com.br\/index.php\/wp-json\/wp\/v2\/types\/post"}],"author":[{"embeddable":true,"href":"https:\/\/www.oparanews.com.br\/index.php\/wp-json\/wp\/v2\/users\/1"}],"replies":[{"embeddable":true,"href":"https:\/\/www.oparanews.com.br\/index.php\/wp-json\/wp\/v2\/comments?post=5514"}],"version-history":[{"count":0,"href":"https:\/\/www.oparanews.com.br\/index.php\/wp-json\/wp\/v2\/posts\/5514\/revisions"}],"wp:attachment":[{"href":"https:\/\/www.oparanews.com.br\/index.php\/wp-json\/wp\/v2\/media?parent=5514"}],"wp:term":[{"taxonomy":"category","embeddable":true,"href":"https:\/\/www.oparanews.com.br\/index.php\/wp-json\/wp\/v2\/categories?post=5514"},{"taxonomy":"post_tag","embeddable":true,"href":"https:\/\/www.oparanews.com.br\/index.php\/wp-json\/wp\/v2\/tags?post=5514"}],"curies":[{"name":"wp","href":"https:\/\/api.w.org\/{rel}","templated":true}]}}