{"id":5517,"date":"2020-04-17T00:42:12","date_gmt":"2020-04-17T00:42:12","guid":{"rendered":"https:\/\/oparanews.com.br\/?p=5517"},"modified":"2020-04-17T00:42:12","modified_gmt":"2020-04-17T00:42:12","slug":"fluminense-reduz-salario-de-jogadores","status":"publish","type":"post","link":"https:\/\/www.oparanews.com.br\/index.php\/2020\/04\/17\/fluminense-reduz-salario-de-jogadores\/","title":{"rendered":"Fluminense reduz sal\u00e1rio de jogadores"},"content":{"rendered":"<p>O Fluminense fez um acordo com o elenco para a redu\u00e7\u00e3o do sal\u00e1rios dos jogadores para os pr\u00f3ximos meses. O presidente M\u00e1rio Bittencourt utilizou as redes sociais para agradecer os atletas pela proposta aceita.<\/p>\n<p>&#8220;Quero agradecer aos jogadores do elenco profissional do Fluminense pela atitude generosa de abrirem m\u00e3o de parte de seus sal\u00e1rios neste momento em que lutamos contra os efeitos dessa pandemia. Pela nobreza do gesto, eu agrade\u00e7o. Pelo voto de confian\u00e7a no Fluminense e em sua imensa torcida, eu agrade\u00e7o. Meu agradecimento se estende tamb\u00e9m \u00e0 comiss\u00e3o t\u00e9cnica e staff do departamento de futebol , que tiveram a mesma grandeza. E, quando tudo voltar ao normal e estivermos em seguran\u00e7a para retomar nossas atividades, vamos agradecer a todos, de corpo e alma presentes, pela ajuda t\u00e3o importante nessa hora. Forte abra\u00e7o a todos&#8221;, declarou.<\/p>\n<p>No acordo feito entre Fluminense e elenco, os jogadores v\u00e3o receber 15% a menos em mar\u00e7o. J\u00e1 em abril, o pagamento ser\u00e1 integral, pelas f\u00e9rias coletivas. Em maio, a redu\u00e7\u00e3o ser\u00e1 a maior, sendo de 25% dos vencimentos.<\/p>\n<p>A partir de junho, o elenco volta a receber integralmente os sal\u00e1rios. No entanto, caso a paralisa\u00e7\u00e3o dos jogos se estenda at\u00e9 l\u00e1, um novo acordo dever\u00e1 ser feito.<\/p>\n<p>A pandemia de coronav\u00edrus afetou financeiramente o Fluminense. Tanto que o acordo foi feito mesmo com o elenco tricolor tendo que receber ainda boa parte do sal\u00e1rio de fevereiro.<\/p>\n<p>&nbsp;<\/p>\n<p><strong>Fonte: Terra<\/strong><\/p>\n<p>&nbsp;<\/p>\n","protected":false},"excerpt":{"rendered":"<p>O Fluminense fez um acordo com o elenco para a redu\u00e7\u00e3o do sal\u00e1rios dos jogadores para os pr\u00f3ximos meses. O presidente M\u00e1rio Bittencourt utilizou as redes sociais para agradecer os atletas pela proposta aceita. &#8220;Quero agradecer aos jogadores do elenco profissional do Fluminense pela atitude generosa de abrirem m\u00e3o de parte de seus sal\u00e1rios neste &hellip;<\/p>\n","protected":false},"author":1,"featured_media":5518,"comment_status":"open","ping_status":"open","sticky":false,"template":"","format":"standard","meta":{"_jetpack_newsletter_access":"","_jetpack_dont_email_post_to_subs":false,"_jetpack_newsletter_tier_id":0,"_jetpack_memberships_contains_paywalled_content":false,"_jetpack_memberships_contains_paid_content":false,"footnotes":""},"categories":[1],"tags":[],"class_list":["post-5517","post","type-post","status-publish","format-standard","has-post-thumbnail","hentry","category-destaque"],"jetpack_sharing_enabled":true,"jetpack_featured_media_url":"","_links":{"self":[{"href":"https:\/\/www.oparanews.com.br\/index.php\/wp-json\/wp\/v2\/posts\/5517","targetHints":{"allow":["GET"]}}],"collection":[{"href":"https:\/\/www.oparanews.com.br\/index.php\/wp-json\/wp\/v2\/posts"}],"about":[{"href":"https:\/\/www.oparanews.com.br\/index.php\/wp-json\/wp\/v2\/types\/post"}],"author":[{"embeddable":true,"href":"https:\/\/www.oparanews.com.br\/index.php\/wp-json\/wp\/v2\/users\/1"}],"replies":[{"embeddable":true,"href":"https:\/\/www.oparanews.com.br\/index.php\/wp-json\/wp\/v2\/comments?post=5517"}],"version-history":[{"count":0,"href":"https:\/\/www.oparanews.com.br\/index.php\/wp-json\/wp\/v2\/posts\/5517\/revisions"}],"wp:attachment":[{"href":"https:\/\/www.oparanews.com.br\/index.php\/wp-json\/wp\/v2\/media?parent=5517"}],"wp:term":[{"taxonomy":"category","embeddable":true,"href":"https:\/\/www.oparanews.com.br\/index.php\/wp-json\/wp\/v2\/categories?post=5517"},{"taxonomy":"post_tag","embeddable":true,"href":"https:\/\/www.oparanews.com.br\/index.php\/wp-json\/wp\/v2\/tags?post=5517"}],"curies":[{"name":"wp","href":"https:\/\/api.w.org\/{rel}","templated":true}]}}