{"id":5520,"date":"2020-04-17T00:46:15","date_gmt":"2020-04-17T00:46:15","guid":{"rendered":"https:\/\/oparanews.com.br\/?p=5520"},"modified":"2020-04-17T00:46:15","modified_gmt":"2020-04-17T00:46:15","slug":"landim-conversa-com-witzel-para-flamengo-jogar-na-gavea-sem-publico","status":"publish","type":"post","link":"https:\/\/www.oparanews.com.br\/index.php\/2020\/04\/17\/landim-conversa-com-witzel-para-flamengo-jogar-na-gavea-sem-publico\/","title":{"rendered":"Landim conversa com Witzel para Flamengo jogar na G\u00e1vea sem p\u00fablico"},"content":{"rendered":"<p>O presidente do Flamengo, Rodolfo Landim , assumiu o protagonismo nas discuss\u00f5es sobre o retorno do futebol carioca em tempos de pandemia do novo coronav\u00edrus.<\/p>\n<p>\u00c9 o mandat\u00e1rio rubro-negro quem tenta diretamente convencer o governador do Rio, Wilson Witzel , a liberar os clubes a voltarem a treinar no pr\u00f3ximo dia 21.<\/p>\n<p>A decis\u00e3o final dever\u00e1 ser conhecida nesta sexta-feira. A aposta \u00e9 no bom relacionamento entre clube e Estado.<\/p>\n<p>O Flamengo liderou a elabora\u00e7\u00e3o do protocolo encaminhado pelos m\u00e9dicos dos clubes para a Federa\u00e7\u00e3o de Futebol do Rio, e insiste que tem condi\u00e7\u00f5es de dar seguran\u00e7a aos jogadores e profissionais envolvidos no Ninho do Urubu.<\/p>\n<p>Com o Maracan\u00e3 cedido para o Estado como hospital de campanha para atendimentos m\u00e9dicos, a sugest\u00e3o da dire\u00e7\u00e3o rubro-negra \u00e9 jogar na G\u00e1vea , sem p\u00fablico, e com port\u00f5es fechados.<\/p>\n<p>Ainda haveria negocia\u00e7\u00f5es para a transmiss\u00e3o dos jogos que faltam, da Ta\u00e7a rio e finais do Estadual.<\/p>\n<p>O Flamengo conta com o apoio incondicional dos clubes de menor investimento, que aguardam a defini\u00e7\u00e3o dos \u00f3rg\u00e3os de sa\u00fade para retomarem o treino tamb\u00e9m na pr\u00f3xima semana.<\/p>\n<p>A inten\u00e7\u00e3o \u00e9 fazer uma pr\u00e9-temporada de 15 dias, seja a partir do dia 21, seja no dia 1 de maio, caso seja decidido dar mais dez dias de f\u00e9rias. Movimento que Botafogo e Fluminense j\u00e1 confirmaram.<\/p>\n<p>Com isso, a estrat\u00e9gia \u00e9 implementar o protocolo &#8220;Jogo Seguro&#8221; e tentar finalizar o Campeonato Carioca no fim de maio, com 12 a 15 datas para as partidas restantes.<\/p>\n<p>A Ferj vai entregar o documento para as autoridades nesta quinta-feira, ap\u00f3s public\u00e1-lo em seu site. E nos bastidores os dirigentes tentam convencer o governo a afrouxar as medidas, que preveem isolamento social at\u00e9 dia 30 de abril.<\/p>\n<p>Em nota, o Governo do Estado informou:<\/p>\n<p><em>&#8220;O artigo 4\u00ba do decreto estadual 46.980 determina a suspens\u00e3o da realiza\u00e7\u00e3o de eventos e atividades que aglomerem pessoas, no intuito de resguardar o interesse da coletividade na preven\u00e7\u00e3o ao coronav\u00edrus. A medida \u00e9 respaldada pela orienta\u00e7\u00e3o da Organiza\u00e7\u00e3o Mundial da Sa\u00fade que recomenda o isolamento social como forma de conter o avan\u00e7o da pandemia.&#8221;<\/em><\/p>\n<p>&nbsp;<\/p>\n<p><strong>Fonte: IG<\/strong><\/p>\n<p>&nbsp;<\/p>\n","protected":false},"excerpt":{"rendered":"<p>O presidente do Flamengo, Rodolfo Landim , assumiu o protagonismo nas discuss\u00f5es sobre o retorno do futebol carioca em tempos de pandemia do novo coronav\u00edrus. \u00c9 o mandat\u00e1rio rubro-negro quem tenta diretamente convencer o governador do Rio, Wilson Witzel , a liberar os clubes a voltarem a treinar no pr\u00f3ximo dia 21. A decis\u00e3o final &hellip;<\/p>\n","protected":false},"author":1,"featured_media":5521,"comment_status":"open","ping_status":"open","sticky":false,"template":"","format":"standard","meta":{"_jetpack_newsletter_access":"","_jetpack_dont_email_post_to_subs":false,"_jetpack_newsletter_tier_id":0,"_jetpack_memberships_contains_paywalled_content":false,"_jetpack_memberships_contains_paid_content":false,"footnotes":""},"categories":[1],"tags":[],"class_list":["post-5520","post","type-post","status-publish","format-standard","has-post-thumbnail","hentry","category-destaque"],"jetpack_sharing_enabled":true,"jetpack_featured_media_url":"","_links":{"self":[{"href":"https:\/\/www.oparanews.com.br\/index.php\/wp-json\/wp\/v2\/posts\/5520","targetHints":{"allow":["GET"]}}],"collection":[{"href":"https:\/\/www.oparanews.com.br\/index.php\/wp-json\/wp\/v2\/posts"}],"about":[{"href":"https:\/\/www.oparanews.com.br\/index.php\/wp-json\/wp\/v2\/types\/post"}],"author":[{"embeddable":true,"href":"https:\/\/www.oparanews.com.br\/index.php\/wp-json\/wp\/v2\/users\/1"}],"replies":[{"embeddable":true,"href":"https:\/\/www.oparanews.com.br\/index.php\/wp-json\/wp\/v2\/comments?post=5520"}],"version-history":[{"count":0,"href":"https:\/\/www.oparanews.com.br\/index.php\/wp-json\/wp\/v2\/posts\/5520\/revisions"}],"wp:attachment":[{"href":"https:\/\/www.oparanews.com.br\/index.php\/wp-json\/wp\/v2\/media?parent=5520"}],"wp:term":[{"taxonomy":"category","embeddable":true,"href":"https:\/\/www.oparanews.com.br\/index.php\/wp-json\/wp\/v2\/categories?post=5520"},{"taxonomy":"post_tag","embeddable":true,"href":"https:\/\/www.oparanews.com.br\/index.php\/wp-json\/wp\/v2\/tags?post=5520"}],"curies":[{"name":"wp","href":"https:\/\/api.w.org\/{rel}","templated":true}]}}