{"id":5523,"date":"2020-04-17T00:48:16","date_gmt":"2020-04-17T00:48:16","guid":{"rendered":"https:\/\/oparanews.com.br\/?p=5523"},"modified":"2020-04-17T00:48:16","modified_gmt":"2020-04-17T00:48:16","slug":"federacao-catarinense-pensa-em-recomecar-estadual-em-9-de-maio","status":"publish","type":"post","link":"https:\/\/www.oparanews.com.br\/index.php\/2020\/04\/17\/federacao-catarinense-pensa-em-recomecar-estadual-em-9-de-maio\/","title":{"rendered":"Federa\u00e7\u00e3o Catarinense pensa em recome\u00e7ar estadual em 9 de maio"},"content":{"rendered":"<p>O futebol em Santa Catarina pode recome\u00e7ar no dia 9 de maio. Mas para isto acontecer vai depender da autoriza\u00e7\u00e3o do Governo estadual e das recomenda\u00e7\u00f5es do minist\u00e9rio da Sa\u00fade nos pr\u00f3ximos dias. A vontade de voltar a jogar foi declarada pelo presidente de Federa\u00e7\u00e3o Catarinense de Futebol (FCF), Rubens Angelotti, em entrevista \u00e0 r\u00e1dio Som Maior.<\/p>\n<p>Al\u00e9m do aval do Governo estadual de Santa Catarina, para a bola voltar a rolar tamb\u00e9m \u00e9 necess\u00e1ria a concord\u00e2ncia do sindicato dos jogadores. Angelotti , que n\u00e3o descarta a realiza\u00e7\u00e3o de partidas com port\u00f5es fechados, adiantou que of\u00edcios j\u00e1 foram enviados \u00e0s institui\u00e7\u00f5es solicitando o retorno do campeonato.<\/p>\n<p>O Campeonato Catarinense est\u00e1 parado desde 16 de mar\u00e7o, como muitos outros estaduais pelo pa\u00eds por conta dos riscos de cont\u00e1gio do novo coronav\u00edrus (covid-19).<\/p>\n<p>&nbsp;<\/p>\n<p><strong>Fonte: IG<\/strong><\/p>\n<p>&nbsp;<\/p>\n","protected":false},"excerpt":{"rendered":"<p>O futebol em Santa Catarina pode recome\u00e7ar no dia 9 de maio. Mas para isto acontecer vai depender da autoriza\u00e7\u00e3o do Governo estadual e das recomenda\u00e7\u00f5es do minist\u00e9rio da Sa\u00fade nos pr\u00f3ximos dias. A vontade de voltar a jogar foi declarada pelo presidente de Federa\u00e7\u00e3o Catarinense de Futebol (FCF), Rubens Angelotti, em entrevista \u00e0 r\u00e1dio &hellip;<\/p>\n","protected":false},"author":1,"featured_media":5524,"comment_status":"open","ping_status":"open","sticky":false,"template":"","format":"standard","meta":{"_jetpack_newsletter_access":"","_jetpack_dont_email_post_to_subs":false,"_jetpack_newsletter_tier_id":0,"_jetpack_memberships_contains_paywalled_content":false,"_jetpack_memberships_contains_paid_content":false,"footnotes":""},"categories":[1],"tags":[],"class_list":["post-5523","post","type-post","status-publish","format-standard","has-post-thumbnail","hentry","category-destaque"],"jetpack_sharing_enabled":true,"jetpack_featured_media_url":"","_links":{"self":[{"href":"https:\/\/www.oparanews.com.br\/index.php\/wp-json\/wp\/v2\/posts\/5523","targetHints":{"allow":["GET"]}}],"collection":[{"href":"https:\/\/www.oparanews.com.br\/index.php\/wp-json\/wp\/v2\/posts"}],"about":[{"href":"https:\/\/www.oparanews.com.br\/index.php\/wp-json\/wp\/v2\/types\/post"}],"author":[{"embeddable":true,"href":"https:\/\/www.oparanews.com.br\/index.php\/wp-json\/wp\/v2\/users\/1"}],"replies":[{"embeddable":true,"href":"https:\/\/www.oparanews.com.br\/index.php\/wp-json\/wp\/v2\/comments?post=5523"}],"version-history":[{"count":0,"href":"https:\/\/www.oparanews.com.br\/index.php\/wp-json\/wp\/v2\/posts\/5523\/revisions"}],"wp:attachment":[{"href":"https:\/\/www.oparanews.com.br\/index.php\/wp-json\/wp\/v2\/media?parent=5523"}],"wp:term":[{"taxonomy":"category","embeddable":true,"href":"https:\/\/www.oparanews.com.br\/index.php\/wp-json\/wp\/v2\/categories?post=5523"},{"taxonomy":"post_tag","embeddable":true,"href":"https:\/\/www.oparanews.com.br\/index.php\/wp-json\/wp\/v2\/tags?post=5523"}],"curies":[{"name":"wp","href":"https:\/\/api.w.org\/{rel}","templated":true}]}}