{"id":5529,"date":"2020-04-17T15:09:42","date_gmt":"2020-04-17T15:09:42","guid":{"rendered":"https:\/\/oparanews.com.br\/?p=5529"},"modified":"2020-04-17T15:09:42","modified_gmt":"2020-04-17T15:09:42","slug":"governador-decreta-estado-de-calamidade-publica-em-alagoas","status":"publish","type":"post","link":"https:\/\/www.oparanews.com.br\/index.php\/2020\/04\/17\/governador-decreta-estado-de-calamidade-publica-em-alagoas\/","title":{"rendered":"Governador decreta estado de calamidade p\u00fablica em Alagoas"},"content":{"rendered":"<p>No intuito de garantir a preserva\u00e7\u00e3o do bem-estar da popula\u00e7\u00e3o e das atividades econ\u00f4micas em Alagoas, o governador Renan Filho decretou estado de calamidade p\u00fablica em todo o territ\u00f3rio estadual em virtude da pandemia do novo coronav\u00edrus, que causa a doen\u00e7a Covid-19.<\/p>\n<p>A decis\u00e3o foi publicada no Di\u00e1rio Oficial do Estado (DOE) nessa quinta-feira, 16 de abril, e visa garantir a ado\u00e7\u00e3o imediata das medidas necess\u00e1rias para combater situa\u00e7\u00f5es emergenciais, levando em considera\u00e7\u00e3o a Declara\u00e7\u00e3o de Emerg\u00eancia em Sa\u00fade P\u00fablica declarada pela Organiza\u00e7\u00e3o Mundial da Sa\u00fade (OMS) em 30 de janeiro deste ano.<\/p>\n<p>Com a publica\u00e7\u00e3o, \u00f3rg\u00e3os estaduais est\u00e3o autorizados a trabalhar em conjunto com os munic\u00edpios e apoiar as a\u00e7\u00f5es essenciais no combate ao novo v\u00edrus, tais como a aquisi\u00e7\u00e3o de insumos e equipamentos de forma emergencial, sem a necessidade da realiza\u00e7\u00e3o do processo licitat\u00f3rio que demanda tempo. Para acessar o decreto na \u00edntegra, clique aqui.<\/p>\n<p>Em 11 de mar\u00e7o de 2020, a OMS classificou a situa\u00e7\u00e3o que afeta v\u00e1rios pa\u00edses do mundo como uma pandemia e, desde ent\u00e3o, as autoridades de sa\u00fade estabeleceram o isolamento social como medida primordial para o enfrentamento \u00e0 Covid-19. Alagoas seguiu as recomenda\u00e7\u00f5es e est\u00e1 em estado de quarentena at\u00e9 o dia 20 de abril para estabelecimentos comerciais e servi\u00e7o p\u00fablico e at\u00e9 o dia 30 de abril para escolas p\u00fablicas e privadas.<\/p>\n<p>&nbsp;<\/p>\n<p><strong>Fonte: Ag\u00eancia Alagoas<\/strong><\/p>\n<p>&nbsp;<\/p>\n","protected":false},"excerpt":{"rendered":"<p>No intuito de garantir a preserva\u00e7\u00e3o do bem-estar da popula\u00e7\u00e3o e das atividades econ\u00f4micas em Alagoas, o governador Renan Filho decretou estado de calamidade p\u00fablica em todo o territ\u00f3rio estadual em virtude da pandemia do novo coronav\u00edrus, que causa a doen\u00e7a Covid-19. A decis\u00e3o foi publicada no Di\u00e1rio Oficial do Estado (DOE) nessa quinta-feira, 16 &hellip;<\/p>\n","protected":false},"author":1,"featured_media":5530,"comment_status":"open","ping_status":"open","sticky":false,"template":"","format":"standard","meta":{"_jetpack_newsletter_access":"","_jetpack_dont_email_post_to_subs":false,"_jetpack_newsletter_tier_id":0,"_jetpack_memberships_contains_paywalled_content":false,"_jetpack_memberships_contains_paid_content":false,"footnotes":""},"categories":[1],"tags":[],"class_list":["post-5529","post","type-post","status-publish","format-standard","has-post-thumbnail","hentry","category-destaque"],"jetpack_sharing_enabled":true,"jetpack_featured_media_url":"","_links":{"self":[{"href":"https:\/\/www.oparanews.com.br\/index.php\/wp-json\/wp\/v2\/posts\/5529","targetHints":{"allow":["GET"]}}],"collection":[{"href":"https:\/\/www.oparanews.com.br\/index.php\/wp-json\/wp\/v2\/posts"}],"about":[{"href":"https:\/\/www.oparanews.com.br\/index.php\/wp-json\/wp\/v2\/types\/post"}],"author":[{"embeddable":true,"href":"https:\/\/www.oparanews.com.br\/index.php\/wp-json\/wp\/v2\/users\/1"}],"replies":[{"embeddable":true,"href":"https:\/\/www.oparanews.com.br\/index.php\/wp-json\/wp\/v2\/comments?post=5529"}],"version-history":[{"count":0,"href":"https:\/\/www.oparanews.com.br\/index.php\/wp-json\/wp\/v2\/posts\/5529\/revisions"}],"wp:attachment":[{"href":"https:\/\/www.oparanews.com.br\/index.php\/wp-json\/wp\/v2\/media?parent=5529"}],"wp:term":[{"taxonomy":"category","embeddable":true,"href":"https:\/\/www.oparanews.com.br\/index.php\/wp-json\/wp\/v2\/categories?post=5529"},{"taxonomy":"post_tag","embeddable":true,"href":"https:\/\/www.oparanews.com.br\/index.php\/wp-json\/wp\/v2\/tags?post=5529"}],"curies":[{"name":"wp","href":"https:\/\/api.w.org\/{rel}","templated":true}]}}