{"id":5532,"date":"2020-04-17T15:18:19","date_gmt":"2020-04-17T15:18:19","guid":{"rendered":"https:\/\/oparanews.com.br\/?p=5532"},"modified":"2020-04-17T15:18:19","modified_gmt":"2020-04-17T15:18:19","slug":"galvao-bueno-anuncia-doacao-de-r-12-milhoes","status":"publish","type":"post","link":"https:\/\/www.oparanews.com.br\/index.php\/2020\/04\/17\/galvao-bueno-anuncia-doacao-de-r-12-milhoes\/","title":{"rendered":"Galv\u00e3o Bueno anuncia doa\u00e7\u00e3o de R$ 12 milh\u00f5es"},"content":{"rendered":"<p>Diversas personalidades est\u00e3o se unindo para ajudar os mais necessitados durante a pandemia da Covid-19. O \u00faltimo famoso a anunciar a ajuda foi o narrador Galv\u00e3o Bueno, que se uniu a amigos para realizar uma grande doa\u00e7\u00e3o. Em uma live realizada com o comediante F\u00e1bio Porchat, Galv\u00e3o revelou que, ao lado de amigos empres\u00e1rios, doou uma quantia de R$ 12 milh\u00f5es de reais e ajudou mais de 40 mil fam\u00edlias que foram afetadas.<\/p>\n<p>&#8220;(&#8230;) Estou num projeto com amigos, com o Eduardo Lyra. J\u00e1 ajudamos cerca de 40 mil fam\u00edlias. Sou eu e mais alguns empres\u00e1rios. Em valor de dinheiro, passamos de R$ 12 milh\u00f5es em donativos, as pessoas cooperando. Estou gratificado com isso (&#8230;) As pessoas est\u00e3o se doando (&#8230;) Solidariedade, amizade&#8230; S\u00e3o coisas important\u00edssimas&#8221;, afirmou.<\/p>\n<p>O narrador tamb\u00e9m abordou sobre os rumores de uma poss\u00edvel aposentadoria. Galv\u00e3o afirmou que nunca falou que iria se aposentar e que as pessoas entenderam errado.<\/p>\n<p>&#8220;Eu nunca falei que ia me aposentar. As pessoas entenderam errado (&#8230;) No final da Copa de 2010, confesso que n\u00e3o me via narrando a Copa de 2018 na R\u00fassia. E como a Copa de 2014 seria no Brasil e na de 2010 eu estava completando dez Copas do Mundo, ali eu falei que queria ter um minuto meu, na final que a Espanha ganhou da Holanda. Ali eu disse que faria minha \u00faltima transmiss\u00e3o de Copa do Mundo no exterior. Depois fui para R\u00fassia e agora n\u00e3o sei mais para onde eu vou. N\u00e3o consigo ficar parado em casa. Como vou me aposentar?&#8221;, encerrou.<\/p>\n<p>&nbsp;<\/p>\n<p><strong>Fonte: LANCE!<\/strong><\/p>\n<p>&nbsp;<\/p>\n","protected":false},"excerpt":{"rendered":"<p>Diversas personalidades est\u00e3o se unindo para ajudar os mais necessitados durante a pandemia da Covid-19. O \u00faltimo famoso a anunciar a ajuda foi o narrador Galv\u00e3o Bueno, que se uniu a amigos para realizar uma grande doa\u00e7\u00e3o. Em uma live realizada com o comediante F\u00e1bio Porchat, Galv\u00e3o revelou que, ao lado de amigos empres\u00e1rios, doou &hellip;<\/p>\n","protected":false},"author":1,"featured_media":5533,"comment_status":"open","ping_status":"open","sticky":false,"template":"","format":"standard","meta":{"_jetpack_newsletter_access":"","_jetpack_dont_email_post_to_subs":false,"_jetpack_newsletter_tier_id":0,"_jetpack_memberships_contains_paywalled_content":false,"_jetpack_memberships_contains_paid_content":false,"footnotes":""},"categories":[1],"tags":[],"class_list":["post-5532","post","type-post","status-publish","format-standard","has-post-thumbnail","hentry","category-destaque"],"jetpack_sharing_enabled":true,"jetpack_featured_media_url":"","_links":{"self":[{"href":"https:\/\/www.oparanews.com.br\/index.php\/wp-json\/wp\/v2\/posts\/5532","targetHints":{"allow":["GET"]}}],"collection":[{"href":"https:\/\/www.oparanews.com.br\/index.php\/wp-json\/wp\/v2\/posts"}],"about":[{"href":"https:\/\/www.oparanews.com.br\/index.php\/wp-json\/wp\/v2\/types\/post"}],"author":[{"embeddable":true,"href":"https:\/\/www.oparanews.com.br\/index.php\/wp-json\/wp\/v2\/users\/1"}],"replies":[{"embeddable":true,"href":"https:\/\/www.oparanews.com.br\/index.php\/wp-json\/wp\/v2\/comments?post=5532"}],"version-history":[{"count":0,"href":"https:\/\/www.oparanews.com.br\/index.php\/wp-json\/wp\/v2\/posts\/5532\/revisions"}],"wp:attachment":[{"href":"https:\/\/www.oparanews.com.br\/index.php\/wp-json\/wp\/v2\/media?parent=5532"}],"wp:term":[{"taxonomy":"category","embeddable":true,"href":"https:\/\/www.oparanews.com.br\/index.php\/wp-json\/wp\/v2\/categories?post=5532"},{"taxonomy":"post_tag","embeddable":true,"href":"https:\/\/www.oparanews.com.br\/index.php\/wp-json\/wp\/v2\/tags?post=5532"}],"curies":[{"name":"wp","href":"https:\/\/api.w.org\/{rel}","templated":true}]}}