{"id":5541,"date":"2020-04-17T15:49:26","date_gmt":"2020-04-17T15:49:26","guid":{"rendered":"https:\/\/oparanews.com.br\/?p=5541"},"modified":"2020-04-17T15:49:26","modified_gmt":"2020-04-17T15:49:26","slug":"semed-penedo-convoca-contratados-para-assinatura-de-termo-aditivo","status":"publish","type":"post","link":"https:\/\/www.oparanews.com.br\/index.php\/2020\/04\/17\/semed-penedo-convoca-contratados-para-assinatura-de-termo-aditivo\/","title":{"rendered":"Semed Penedo convoca contratados para assinatura de termo aditivo"},"content":{"rendered":"<p>O pessoal selecionado para trabalhar na Secretaria Municipal de Educa\u00e7\u00e3o (Semed) da Prefeitura de Penedo, por meio do Processo Seletivo Simplificado (PSS) n\u00ba 01\/2020, deve comparecer na sede da pasta que funciona no antigo Gin\u00e1sio do Sesi, atual Complexo Educacional e Esportivo Dr. Alcides Andrade.<\/p>\n<p>A convoca\u00e7\u00e3o anunciada nesta quinta-feira, 16, tem como objetivo a assinatura do Termo Aditivo que habilitar\u00e1 o pagamento dos proventos referentes ao m\u00eas de Abril, conforme calend\u00e1rio que tem in\u00edcio amanh\u00e3 (sexta-feira, 17).<\/p>\n<p>O Termo Aditivo disp\u00f5e sobre a reposi\u00e7\u00e3o de horas de trabalho n\u00e3o prestadas at\u00e9 o dia 30 do m\u00eas em curso, sem o recebimento de novos pagamentos. O comunicado da Semed Penedo informa ainda que a reposi\u00e7\u00e3o das horas de trabalho ocorrer\u00e1 \u201ct\u00e3o logo seja poss\u00edvel o retorno \u00e0s aulas, observada a antecipa\u00e7\u00e3o do recesso escolar de julho\u201d.<\/p>\n<p>Caso se mantenham as atuais restri\u00e7\u00f5es impostas pela pandemia do coronav\u00edrus (Covid-19), inclusive a interrup\u00e7\u00e3o do ano letivo, os contratos do PSS 01\/2020 estar\u00e3o suspensos a partir do pr\u00f3ximo m\u00eas de maio.<\/p>\n<p>A Semed Penedo acrescenta que os profissionais contratados que se enquadram no grupo de risco da pandemia do coronav\u00edrus dever\u00e3o solicitar o termo aditivo atrav\u00e9s do e-mail <a href=\"sec.med.penedo@hotmail.com\"><strong>sec.med.penedo@hotmail.com<\/strong><\/a> para que possam assinar, escanear e devolver o documento atrav\u00e9s do mesmo e-mail.<\/p>\n<p>Quem n\u00e3o assinar o Termo Aditivo ter\u00e1 os proventos relativos a abril de 2020 suspensos.<\/p>\n<p>Calend\u00e1rio Para Assinatura de Termo Aditivo<\/p>\n<p><strong>17\/04 \u2013 Motoristas e Monitores do Transporte Escolar<\/strong><\/p>\n<p><strong>20\/04 \u2013 Auxiliar de Sala, Professor da Educa\u00e7\u00e3o Especial e Cuidador de Estudante da Educa\u00e7\u00e3o Especial<\/strong><\/p>\n<p><strong>21\/04 \u2013 Professor por Disciplina<\/strong><\/p>\n<p><strong>22\/04 \u2013 Professor Polivalente<\/strong><\/p>\n<p>&nbsp;<\/p>\n<p><strong>por Fernando Vin\u00edcius \u2013 Decom PMP<\/strong><\/p>\n<p>&nbsp;<\/p>\n","protected":false},"excerpt":{"rendered":"<p>O pessoal selecionado para trabalhar na Secretaria Municipal de Educa\u00e7\u00e3o (Semed) da Prefeitura de Penedo, por meio do Processo Seletivo Simplificado (PSS) n\u00ba 01\/2020, deve comparecer na sede da pasta que funciona no antigo Gin\u00e1sio do Sesi, atual Complexo Educacional e Esportivo Dr. Alcides Andrade. A convoca\u00e7\u00e3o anunciada nesta quinta-feira, 16, tem como objetivo a &hellip;<\/p>\n","protected":false},"author":1,"featured_media":5542,"comment_status":"open","ping_status":"open","sticky":false,"template":"","format":"standard","meta":{"_jetpack_newsletter_access":"","_jetpack_dont_email_post_to_subs":false,"_jetpack_newsletter_tier_id":0,"_jetpack_memberships_contains_paywalled_content":false,"_jetpack_memberships_contains_paid_content":false,"footnotes":""},"categories":[1],"tags":[],"class_list":["post-5541","post","type-post","status-publish","format-standard","has-post-thumbnail","hentry","category-destaque"],"jetpack_sharing_enabled":true,"jetpack_featured_media_url":"","_links":{"self":[{"href":"https:\/\/www.oparanews.com.br\/index.php\/wp-json\/wp\/v2\/posts\/5541","targetHints":{"allow":["GET"]}}],"collection":[{"href":"https:\/\/www.oparanews.com.br\/index.php\/wp-json\/wp\/v2\/posts"}],"about":[{"href":"https:\/\/www.oparanews.com.br\/index.php\/wp-json\/wp\/v2\/types\/post"}],"author":[{"embeddable":true,"href":"https:\/\/www.oparanews.com.br\/index.php\/wp-json\/wp\/v2\/users\/1"}],"replies":[{"embeddable":true,"href":"https:\/\/www.oparanews.com.br\/index.php\/wp-json\/wp\/v2\/comments?post=5541"}],"version-history":[{"count":0,"href":"https:\/\/www.oparanews.com.br\/index.php\/wp-json\/wp\/v2\/posts\/5541\/revisions"}],"wp:attachment":[{"href":"https:\/\/www.oparanews.com.br\/index.php\/wp-json\/wp\/v2\/media?parent=5541"}],"wp:term":[{"taxonomy":"category","embeddable":true,"href":"https:\/\/www.oparanews.com.br\/index.php\/wp-json\/wp\/v2\/categories?post=5541"},{"taxonomy":"post_tag","embeddable":true,"href":"https:\/\/www.oparanews.com.br\/index.php\/wp-json\/wp\/v2\/tags?post=5541"}],"curies":[{"name":"wp","href":"https:\/\/api.w.org\/{rel}","templated":true}]}}