{"id":5586,"date":"2020-04-20T01:42:46","date_gmt":"2020-04-20T01:42:46","guid":{"rendered":"https:\/\/oparanews.com.br\/?p=5586"},"modified":"2020-04-20T01:42:46","modified_gmt":"2020-04-20T01:42:46","slug":"amazonas-ceara-e-pernambuco-irao-receber-respiradores","status":"publish","type":"post","link":"https:\/\/www.oparanews.com.br\/index.php\/2020\/04\/20\/amazonas-ceara-e-pernambuco-irao-receber-respiradores\/","title":{"rendered":"Amazonas, Cear\u00e1 e Pernambuco ir\u00e3o receber respiradores"},"content":{"rendered":"<p>O ministro da Sa\u00fade, Nelson Teich, anunciou que os estados do Amazonas, Cear\u00e1 e Pernambuco ir\u00e3o receber novos respiradores neste domingo (19). O aparelho \u00e9 essencial para pacientes com graves sintomas do novo coronav\u00edrus.<\/p>\n<p>Amazonas, cujo sistema de sa\u00fade colapsou, e Cear\u00e1, o terceiro mais afetado do Brasil, receber\u00e3o 15 aparelhos cada, enquanto o estado pernambucano ficar\u00e1 com dez.<\/p>\n<p>Teich fez o an\u00fancio atrav\u00e9s de sua conta no Twitter. Os respiradores, segundo o ministro, s\u00e3o produzidos no Brasil e foram enviados neste domingo.<\/p>\n<p>Segundo dados do Minist\u00e9rio da Sa\u00fade, o pa\u00eds re\u00fane 36,5 mil pacientes diagnostica pela Covid-19.<\/p>\n<p>O Cear\u00e1 tem 3.034 casos e registrou 991 \u00f3bitos por conta da doen\u00e7a, atr\u00e1s apenas de S\u00e3o Paulo (13,8 mil casos e 991 mortes) e Rio de Janeiro (4.543 casos e 387 \u00f3bitos).<\/p>\n<p>O Amazonas tem 1.897 casos confirmados e 161 mortes. Pernambuco re\u00fane 2.193 casos e 205 \u00f3bitos.<\/p>\n<p>&nbsp;<\/p>\n<p><strong>Fonte: Folhapress<\/strong><\/p>\n<p>&nbsp;<\/p>\n","protected":false},"excerpt":{"rendered":"<p>O ministro da Sa\u00fade, Nelson Teich, anunciou que os estados do Amazonas, Cear\u00e1 e Pernambuco ir\u00e3o receber novos respiradores neste domingo (19). O aparelho \u00e9 essencial para pacientes com graves sintomas do novo coronav\u00edrus. Amazonas, cujo sistema de sa\u00fade colapsou, e Cear\u00e1, o terceiro mais afetado do Brasil, receber\u00e3o 15 aparelhos cada, enquanto o estado &hellip;<\/p>\n","protected":false},"author":1,"featured_media":5587,"comment_status":"open","ping_status":"open","sticky":false,"template":"","format":"standard","meta":{"_jetpack_newsletter_access":"","_jetpack_dont_email_post_to_subs":false,"_jetpack_newsletter_tier_id":0,"_jetpack_memberships_contains_paywalled_content":false,"_jetpack_memberships_contains_paid_content":false,"footnotes":""},"categories":[1],"tags":[],"class_list":["post-5586","post","type-post","status-publish","format-standard","has-post-thumbnail","hentry","category-destaque"],"jetpack_sharing_enabled":true,"jetpack_featured_media_url":"","_links":{"self":[{"href":"https:\/\/www.oparanews.com.br\/index.php\/wp-json\/wp\/v2\/posts\/5586","targetHints":{"allow":["GET"]}}],"collection":[{"href":"https:\/\/www.oparanews.com.br\/index.php\/wp-json\/wp\/v2\/posts"}],"about":[{"href":"https:\/\/www.oparanews.com.br\/index.php\/wp-json\/wp\/v2\/types\/post"}],"author":[{"embeddable":true,"href":"https:\/\/www.oparanews.com.br\/index.php\/wp-json\/wp\/v2\/users\/1"}],"replies":[{"embeddable":true,"href":"https:\/\/www.oparanews.com.br\/index.php\/wp-json\/wp\/v2\/comments?post=5586"}],"version-history":[{"count":0,"href":"https:\/\/www.oparanews.com.br\/index.php\/wp-json\/wp\/v2\/posts\/5586\/revisions"}],"wp:attachment":[{"href":"https:\/\/www.oparanews.com.br\/index.php\/wp-json\/wp\/v2\/media?parent=5586"}],"wp:term":[{"taxonomy":"category","embeddable":true,"href":"https:\/\/www.oparanews.com.br\/index.php\/wp-json\/wp\/v2\/categories?post=5586"},{"taxonomy":"post_tag","embeddable":true,"href":"https:\/\/www.oparanews.com.br\/index.php\/wp-json\/wp\/v2\/tags?post=5586"}],"curies":[{"name":"wp","href":"https:\/\/api.w.org\/{rel}","templated":true}]}}