{"id":5589,"date":"2020-04-20T01:46:38","date_gmt":"2020-04-20T01:46:38","guid":{"rendered":"https:\/\/oparanews.com.br\/?p=5589"},"modified":"2020-04-20T01:46:38","modified_gmt":"2020-04-20T01:46:38","slug":"governo-da-bahia-adquire-60-mil-testes-importados-da-china","status":"publish","type":"post","link":"https:\/\/www.oparanews.com.br\/index.php\/2020\/04\/20\/governo-da-bahia-adquire-60-mil-testes-importados-da-china\/","title":{"rendered":"Governo da Bahia adquire 60 mil testes importados da China"},"content":{"rendered":"<p>Em meio a dificuldades na compra de insumos necess\u00e1rios para o combate \u00e0 Covid-19, o governo da Bahia fechou recentemente uma aquisi\u00e7\u00e3o de 60 mil kits de testagem.<\/p>\n<p>A falta de insumos para testes \u00e9 hoje o maior gargalo para que o Brasil conhe\u00e7a a real dimens\u00e3o do coronav\u00edrus hoje no pa\u00eds.<\/p>\n<p>O Minist\u00e9rio da Sa\u00fade informou a compra de 22,9 milh\u00f5es, mas at\u00e9 o momento apenas 900 mil foram distribu\u00eddos.<\/p>\n<p>Na \u00faltima ter\u00e7a-feira (14), o Instituto Butantan recebeu 725 mil kits para testes RT-PCR de uma compra feita pelo governador Jo\u00e3o Doria (PSDB). Com isso, passa a ter insumos para a realiza\u00e7\u00e3o de 867 mil exames.<\/p>\n<p>A falta de insumos, no entanto, tem afetado o mundo todo.<\/p>\n<p>Os testes adquiridos pelo governo baiano, produzidos em uma f\u00e1brica chinesa, s\u00e3o do tipo RT-PCR . A expectativa da empresa que importou os kits \u00e9 adquirir at\u00e9 3 milh\u00f5es de testes para distribui\u00e7\u00e3o no Brasil.<\/p>\n<p>Tamb\u00e9m chamados de moleculares, esses testes buscam a presen\u00e7a do v\u00edrus no organismo atrav\u00e9s da an\u00e1lise de material coletado da garganta e nariz.<\/p>\n<p>A fabricante chinesa Hybribio produz testes usando dois marcadores para o Sars-CoV-2 -o gene &#8220;Orf1 a&#8221; e o gene &#8220;N&#8221;, que correspondem respectivamente a um fragmento aberto do genoma e \u00e0 prote\u00edna nucleocaps\u00eddeo. Os dois genes atuam na forma\u00e7\u00e3o da c\u00e1psula protetora do v\u00edrus.<\/p>\n<p>De acordo com pesquisa feita na China e publicada na forma de &#8220;preprint&#8221; no reposit\u00f3rio bioRxiv, ainda sem revis\u00e3o por pares, na compara\u00e7\u00e3o com outros tr\u00eas kits para detec\u00e7\u00e3o do Sars-CoV-2, o uso desses marcadores atingiu 100% de especificidade e obteve \u00eaxito em todos os testes feitos com amostras positivas e negativas.<\/p>\n<p>O teste tem certifica\u00e7\u00e3o sanit\u00e1ria da China e da Uni\u00e3o Europeia e possibilitou diagn\u00f3sticos mais r\u00e1pidos em ao menos trinta pa\u00edses.<\/p>\n<p>No in\u00edcio de abril, a Anvisa (Ag\u00eancia Nacional de Vigil\u00e2ncia Sanit\u00e1ria) aprovou seu uso no Brasil, e o governo da Bahia j\u00e1 recebeu a primeira parcela de 5.000 kits, com a previs\u00e3o da chegada de mais 55 mil.<\/p>\n<p>De acordo com o governo baiano, a entrega dos lotes ser\u00e1 feita semanalmente at\u00e9 maio. Os testes v\u00e3o ser distribu\u00eddos entre as unidades Salvador, Porto Seguro, Guanambi, Juazeiro e Vit\u00f3ria da Conquista do Laborat\u00f3rio Central de Sa\u00fade P\u00fablica (Lacen) da Bahia.<\/p>\n<p>A empresa B3B A Vida, respons\u00e1vel pela distribui\u00e7\u00e3o no pa\u00eds, afirma que os testes realizados at\u00e9 o momento no Lacen tamb\u00e9m foram bem sucedidos: em 94 amostras realizadas, o \u00edndice de acerto foi de 100% em 90.<\/p>\n<p>O primeiro lote da compra desembarcou no pa\u00eds no \u00faltimo dia 10 via Estados Unidos.<\/p>\n<p>A empresa informa que, devido ao volume esperado das pr\u00f3ximas remessas, a expectativa \u00e9 escolher uma rota que n\u00e3o ofere\u00e7a riscos de interdi\u00e7\u00e3o da carga.<\/p>\n<p>Com o pre\u00e7o individual inicial de R$ 200, a importadora pretende se consolidar no mercado de insumos m\u00e9dicos nacional.<\/p>\n<p>&#8220;O pa\u00eds j\u00e1 possui a tecnologia de PCR para outros diagn\u00f3sticos e acreditamos que a implementa\u00e7\u00e3o ser\u00e1 bem f\u00e1cil, pois os equipamentos necess\u00e1rios j\u00e1 existem aqui&#8221;, diz Bruno Albuquerque, diretor de rela\u00e7\u00f5es institucionais da B3B A Vida.<\/p>\n<p>Renata C\u00e1ssia Pires, professora associada do Departamento de An\u00e1lises Cl\u00ednicas da Universidade Federal do Rio Grande do Norte e pesquisadora da Fiocruz, afirma que uma das vantagens desse teste \u00e9 a rapidez com que os resultados ser\u00e3o produzidos.<\/p>\n<p>&#8220;O tempo m\u00e9dio de realiza\u00e7\u00e3o do exame laboratorial tem sido de menos de duas horas. Isso porque o kit j\u00e1 faz a amplifica\u00e7\u00e3o [do material gen\u00e9tico] e o diagn\u00f3stico ao mesmo tempo. Como s\u00e3o dois marcadores utilizados, a sensibilidade e especificidade s\u00e3o elevadas, o que d\u00e1 maior precis\u00e3o nos resultados&#8221;, completa.<\/p>\n<p>O princ\u00edpio dos testes moleculares \u00e9 uma rea\u00e7\u00e3o em cadeia \u2013que d\u00e1 nome ao procedimento\u2013 da enzima polimerase, respons\u00e1vel por &#8220;criar&#8221; fragmentos de DNA.<\/p>\n<p>O material gen\u00e9tico do v\u00edrus, que \u00e9 uma fita simples de RNA, \u00e9 primeiro transformado em uma dupla fita, o DNA, para fazer a amplifica\u00e7\u00e3o.<\/p>\n<p>Com o kit chin\u00eas, o primeiro processo pode acontecer no mesmo ciclo, n\u00e3o sendo necess\u00e1rio realizar essa transforma\u00e7\u00e3o do material gen\u00e9tico do v\u00edrus antes, o que reduz a dura\u00e7\u00e3o do procedimento.<\/p>\n<p>Pires afirma ainda que, por se tratar de um procedimento j\u00e1 amplamente utilizado em muitos laborat\u00f3rios no Brasil, a utiliza\u00e7\u00e3o do kit de RT-PCR ser\u00e1 mais simples, n\u00e3o sendo necess\u00e1ria tecnologia inovadora.<\/p>\n<p>A demora na libera\u00e7\u00e3o dos exames de RT-PCR no estado de S\u00e3o Paulo \u00e9 dada principalmente pela falta de insumos usados no procedimento adotado pelo Instituto Adolfo Lutz (IAL), que \u00e9 o mesmo preconizado pela Organiza\u00e7\u00e3o Mundial de Sa\u00fade.<\/p>\n<p>A Plataforma para Diagn\u00f3sticos de Coronav\u00edrus, coordenada pelo Instituto Butantan, aguarda o credenciamento ainda de 11 dos 45 laborat\u00f3rios integrantes, o que depende da implementa\u00e7\u00e3o do protocolo utilizado pelo IAL.<\/p>\n<p>&nbsp;<\/p>\n<p><strong>Fonte: Folhapress<\/strong><\/p>\n<p>&nbsp;<\/p>\n","protected":false},"excerpt":{"rendered":"<p>Em meio a dificuldades na compra de insumos necess\u00e1rios para o combate \u00e0 Covid-19, o governo da Bahia fechou recentemente uma aquisi\u00e7\u00e3o de 60 mil kits de testagem. A falta de insumos para testes \u00e9 hoje o maior gargalo para que o Brasil conhe\u00e7a a real dimens\u00e3o do coronav\u00edrus hoje no pa\u00eds. O Minist\u00e9rio da &hellip;<\/p>\n","protected":false},"author":1,"featured_media":5590,"comment_status":"open","ping_status":"open","sticky":false,"template":"","format":"standard","meta":{"_jetpack_newsletter_access":"","_jetpack_dont_email_post_to_subs":false,"_jetpack_newsletter_tier_id":0,"_jetpack_memberships_contains_paywalled_content":false,"_jetpack_memberships_contains_paid_content":false,"footnotes":""},"categories":[1],"tags":[],"class_list":["post-5589","post","type-post","status-publish","format-standard","has-post-thumbnail","hentry","category-destaque"],"jetpack_sharing_enabled":true,"jetpack_featured_media_url":"","_links":{"self":[{"href":"https:\/\/www.oparanews.com.br\/index.php\/wp-json\/wp\/v2\/posts\/5589","targetHints":{"allow":["GET"]}}],"collection":[{"href":"https:\/\/www.oparanews.com.br\/index.php\/wp-json\/wp\/v2\/posts"}],"about":[{"href":"https:\/\/www.oparanews.com.br\/index.php\/wp-json\/wp\/v2\/types\/post"}],"author":[{"embeddable":true,"href":"https:\/\/www.oparanews.com.br\/index.php\/wp-json\/wp\/v2\/users\/1"}],"replies":[{"embeddable":true,"href":"https:\/\/www.oparanews.com.br\/index.php\/wp-json\/wp\/v2\/comments?post=5589"}],"version-history":[{"count":0,"href":"https:\/\/www.oparanews.com.br\/index.php\/wp-json\/wp\/v2\/posts\/5589\/revisions"}],"wp:attachment":[{"href":"https:\/\/www.oparanews.com.br\/index.php\/wp-json\/wp\/v2\/media?parent=5589"}],"wp:term":[{"taxonomy":"category","embeddable":true,"href":"https:\/\/www.oparanews.com.br\/index.php\/wp-json\/wp\/v2\/categories?post=5589"},{"taxonomy":"post_tag","embeddable":true,"href":"https:\/\/www.oparanews.com.br\/index.php\/wp-json\/wp\/v2\/tags?post=5589"}],"curies":[{"name":"wp","href":"https:\/\/api.w.org\/{rel}","templated":true}]}}