{"id":5595,"date":"2020-04-20T02:07:43","date_gmt":"2020-04-20T02:07:43","guid":{"rendered":"https:\/\/oparanews.com.br\/?p=5595"},"modified":"2020-04-20T02:07:43","modified_gmt":"2020-04-20T02:07:43","slug":"roberto-carlos-nao-fala-coronavirus-para-nao-dar-azar","status":"publish","type":"post","link":"https:\/\/www.oparanews.com.br\/index.php\/2020\/04\/20\/roberto-carlos-nao-fala-coronavirus-para-nao-dar-azar\/","title":{"rendered":"Roberto Carlos n\u00e3o fala &#8216;coronav\u00edrus&#8217; para n\u00e3o dar azar"},"content":{"rendered":"<p>Roberto Carlos comemorou 79 anos na noite desse domingo (19) com uma live, direto de seu est\u00fadio, no bairro da Urca, no Rio de Janeiro. Por quase uma hora, ele cantou um repert\u00f3rio com onze m\u00fasicas, dentre elas as crist\u00e3s Nossa Senhora, Todos Est\u00e3o Surdos (com alguns erros na letra) e Jesus Cristo, visivelmente emocionado, e falou dos cuidados que as pessoas t\u00eam de ter contra &#8220;essa coisa terr\u00edvel que est\u00e1 a\u00ed&#8221;, mas n\u00e3o quis falar dizer em nenhum momento os nomes pandemia, Covid-19 ou coronav\u00edrus. &#8220;N\u00e3o gosto nem de falar o nome&#8221;, disse, logo depois de chamar a aten\u00e7\u00e3o para a import\u00e2ncia do uso das m\u00e1scaras. &#8220;\u00c9 uma defesa muito grande. Fiquem em casa.&#8221; Ele estava no est\u00fadio apenas ao lado do tecladista Tutuca e do pianista e seu maestro, Eduardo Lages.<\/p>\n<p>Roberto mostrou um forma vocal perfeita para seus 79 anos. De mais surpreendente, cantou duas can\u00e7\u00f5es que h\u00e1 muito n\u00e3o mostrava em shows ao vivo: Caminhoneiro, de 1984, e Canzone Per Te, com a qual ganhou o Festival de San Remo, na It\u00e1lia, em 1968, convertendo sua carreira definitivamente da fase Jovem Guarda para a de cantor rom\u00e2ntico. Antes de cant\u00e1-la, dedicou a m\u00fasica aos italianos do mundo todo. &#8220;Eu tive grandes alegrias na It\u00e1lia. Canto essa m\u00fasica para todos os italianos e lamento o que est\u00e1 acontecendo.&#8221; Usou tamb\u00e9m Caminhoneiro para falar dos m\u00e9dicos e dos profissionais da sa\u00fade que trabalham para conter a crise sanit\u00e1ria e lembrou dos profissionais das estradas, essenciais mesmo em tempos de confinamento. &#8220;Ofere\u00e7o essa em especial aos nossos her\u00f3is caminhoneiros. &#8221;<\/p>\n<p>Ao final da live, enquanto Roberto recebia um bolo no est\u00fadio, 1.442 milh\u00e3o de seguidores acompanhavam a transmiss\u00e3o por seu canal no YouTube. Ao mesmo tempo, a dupla sertaneja Henrique &amp; Juliano era vista por pouco mais de 1,8 milh\u00e3o de f\u00e3s. Durante toda a transmiss\u00e3o, os sertanejos mantiveram uma diferen\u00e7a de 500 mil internautas a mais.<\/p>\n<p>&nbsp;<\/p>\n<p><strong>Fonte: Terra<\/strong><\/p>\n<p>&nbsp;<\/p>\n","protected":false},"excerpt":{"rendered":"<p>Roberto Carlos comemorou 79 anos na noite desse domingo (19) com uma live, direto de seu est\u00fadio, no bairro da Urca, no Rio de Janeiro. Por quase uma hora, ele cantou um repert\u00f3rio com onze m\u00fasicas, dentre elas as crist\u00e3s Nossa Senhora, Todos Est\u00e3o Surdos (com alguns erros na letra) e Jesus Cristo, visivelmente emocionado, &hellip;<\/p>\n","protected":false},"author":1,"featured_media":5596,"comment_status":"open","ping_status":"open","sticky":false,"template":"","format":"standard","meta":{"_jetpack_newsletter_access":"","_jetpack_dont_email_post_to_subs":false,"_jetpack_newsletter_tier_id":0,"_jetpack_memberships_contains_paywalled_content":false,"_jetpack_memberships_contains_paid_content":false,"footnotes":""},"categories":[1],"tags":[],"class_list":["post-5595","post","type-post","status-publish","format-standard","has-post-thumbnail","hentry","category-destaque"],"jetpack_sharing_enabled":true,"jetpack_featured_media_url":"","_links":{"self":[{"href":"https:\/\/www.oparanews.com.br\/index.php\/wp-json\/wp\/v2\/posts\/5595","targetHints":{"allow":["GET"]}}],"collection":[{"href":"https:\/\/www.oparanews.com.br\/index.php\/wp-json\/wp\/v2\/posts"}],"about":[{"href":"https:\/\/www.oparanews.com.br\/index.php\/wp-json\/wp\/v2\/types\/post"}],"author":[{"embeddable":true,"href":"https:\/\/www.oparanews.com.br\/index.php\/wp-json\/wp\/v2\/users\/1"}],"replies":[{"embeddable":true,"href":"https:\/\/www.oparanews.com.br\/index.php\/wp-json\/wp\/v2\/comments?post=5595"}],"version-history":[{"count":0,"href":"https:\/\/www.oparanews.com.br\/index.php\/wp-json\/wp\/v2\/posts\/5595\/revisions"}],"wp:attachment":[{"href":"https:\/\/www.oparanews.com.br\/index.php\/wp-json\/wp\/v2\/media?parent=5595"}],"wp:term":[{"taxonomy":"category","embeddable":true,"href":"https:\/\/www.oparanews.com.br\/index.php\/wp-json\/wp\/v2\/categories?post=5595"},{"taxonomy":"post_tag","embeddable":true,"href":"https:\/\/www.oparanews.com.br\/index.php\/wp-json\/wp\/v2\/tags?post=5595"}],"curies":[{"name":"wp","href":"https:\/\/api.w.org\/{rel}","templated":true}]}}