{"id":5598,"date":"2020-04-20T02:13:50","date_gmt":"2020-04-20T02:13:50","guid":{"rendered":"https:\/\/oparanews.com.br\/?p=5598"},"modified":"2020-04-20T02:13:50","modified_gmt":"2020-04-20T02:13:50","slug":"militares-reprovam-ida-de-bolsonaro-a-ato-antidemocratico","status":"publish","type":"post","link":"https:\/\/www.oparanews.com.br\/index.php\/2020\/04\/20\/militares-reprovam-ida-de-bolsonaro-a-ato-antidemocratico\/","title":{"rendered":"Militares reprovam ida de Bolsonaro a ato antidemocr\u00e1tico"},"content":{"rendered":"<p>A presen\u00e7a do presidente Jair Bolsonaro na manifesta\u00e7\u00e3o em frente ao Quartel General do Ex\u00e9rcito contra o Congresso e o Supremo Tribunal Federal (STF), na tarde deste domingo, provocou um &#8220;enorme desconforto&#8221; na c\u00fapula militar. Ao jornal O Estado de S. Paulo, oficiais-generais destacaram que n\u00e3o se cansam de repetir que as For\u00e7as Armadas s\u00e3o institui\u00e7\u00f5es permanentes, que servem ao Estado Brasileiro e n\u00e3o ao governo.<\/p>\n<p>Na avalia\u00e7\u00e3o dos generais ouvidos, o protesto que chegou a pedir interven\u00e7\u00e3o militar n\u00e3o poderia ter ocorrido em lugar pior. &#8220;Se a manifesta\u00e7\u00e3o tivesse sido na Esplanada, na Pra\u00e7a dos Tr\u00eas Poderes ou em qualquer outro lugar seria mais do mesmo&#8221;, observou um deles. &#8220;Mas em frente ao QG, no dia do Ex\u00e9rcito, tem uma simbologia dupla muito forte. N\u00e3o foi bom porque as For\u00e7as Armadas est\u00e3o cuidando apenas das suas miss\u00f5es constitucionais, sem interferir em quest\u00f5es pol\u00edticas.&#8221;<\/p>\n<p>Eles observaram que a presen\u00e7a de Bolsonaro em frente ao QG teve outra gravidade simb\u00f3lica. Pela Constitui\u00e7\u00e3o, o presidente da Rep\u00fablica \u00e9 tamb\u00e9m o comandante em chefe das For\u00e7as Armadas. Mesmo com cuidados para evitar cr\u00edticas diretas, os generais ressaltaram que o gesto foi uma &#8220;provoca\u00e7\u00e3o&#8221;, &#8220;desnecess\u00e1ria&#8221; e &#8220;fora de hora&#8221;.<\/p>\n<p>\u00c0 reportagem, os generais n\u00e3o esconderam o mal-estar. Afinal, Bolsonaro os deixou em &#8220;saia justa&#8221;. Chefes militares n\u00e3o podem se pronunciar. O Estado ouviu sete oficiais-generais, sendo cinco do Ex\u00e9rcito, um da Aeron\u00e1utica e um da Marinha. Eles lembraram que o Pa\u00eds tem uma &#8220;verdadeira guerra&#8221; a ser vencida e que n\u00e3o \u00e9 poss\u00edvel gastar energia com alvos diferentes. Houve quem observasse que o presidente enfrenta &#8220;resist\u00eancias&#8221;, inclusive do Congresso, mas todos avaliam que a presen\u00e7a dele na manifesta\u00e7\u00e3o provocou ainda mais a ira dos representantes do Executivo e do Judici\u00e1rio.<\/p>\n<p>Por conta da presen\u00e7a do presidente na manifesta\u00e7\u00e3o, houve necessidade de refor\u00e7o da guarda do QG. Isso acabou passando uma imagem que tamb\u00e9m foi considerada ruim pelos generais. Os soldados deslocados para a guarda estavam de plant\u00e3o e tiveram de sair \u00e0s pressas para o local da manifesta\u00e7\u00e3o e, de certa maneira, proteger Bolsonaro da multid\u00e3o.<\/p>\n<p>No momento, os militares da ativa do Ex\u00e9rcito, da Marinha e da Aeron\u00e1utica, sob a batuta do Minist\u00e9rio da Defesa, tentam focar seus trabalhos no combate \u00e0 pandemia do novo coronav\u00edrus, sem emitir qualquer posicionamento pol\u00edtico sobre as pol\u00eamicas.<\/p>\n<p>A atitude do presidente, ainda segundo a an\u00e1lise de um dos militares, passa um sinal trocado para a sociedade. As avalia\u00e7\u00f5es tiveram uma dose de desabafo por parte dos generais. Eles ressaltaram passam o tempo todo tentando separar o governo do Ex\u00e9rcito, j\u00e1 que h\u00e1 sempre quem lembre da presen\u00e7a de militares em cargos de ministro no Pal\u00e1cio do Planalto.<\/p>\n<p>Um general contemporizou lembrando que &#8220;n\u00e3o \u00e9 a primeira vez&#8221; que acontece uma manifesta\u00e7\u00e3o em frente a um quartel. Outro emendou que &#8220;as manifesta\u00e7\u00f5es pac\u00edficas e ordeiras s\u00e3o express\u00f5es leg\u00edtimas da democracia&#8221;. Um terceiro lembrou que podem pegar as grava\u00e7\u00f5es que n\u00e3o v\u00e3o ver o presidente atacando ningu\u00e9m, mas falando de liberdade e de emprego. O clima, por\u00e9m, era de desconforto.<\/p>\n<p>&nbsp;<\/p>\n<p><strong>Fonte: Terra<\/strong><\/p>\n<p>&nbsp;<\/p>\n","protected":false},"excerpt":{"rendered":"<p>A presen\u00e7a do presidente Jair Bolsonaro na manifesta\u00e7\u00e3o em frente ao Quartel General do Ex\u00e9rcito contra o Congresso e o Supremo Tribunal Federal (STF), na tarde deste domingo, provocou um &#8220;enorme desconforto&#8221; na c\u00fapula militar. Ao jornal O Estado de S. Paulo, oficiais-generais destacaram que n\u00e3o se cansam de repetir que as For\u00e7as Armadas s\u00e3o &hellip;<\/p>\n","protected":false},"author":1,"featured_media":5599,"comment_status":"open","ping_status":"open","sticky":false,"template":"","format":"standard","meta":{"_jetpack_newsletter_access":"","_jetpack_dont_email_post_to_subs":false,"_jetpack_newsletter_tier_id":0,"_jetpack_memberships_contains_paywalled_content":false,"_jetpack_memberships_contains_paid_content":false,"footnotes":""},"categories":[1],"tags":[],"class_list":["post-5598","post","type-post","status-publish","format-standard","has-post-thumbnail","hentry","category-destaque"],"jetpack_sharing_enabled":true,"jetpack_featured_media_url":"","_links":{"self":[{"href":"https:\/\/www.oparanews.com.br\/index.php\/wp-json\/wp\/v2\/posts\/5598","targetHints":{"allow":["GET"]}}],"collection":[{"href":"https:\/\/www.oparanews.com.br\/index.php\/wp-json\/wp\/v2\/posts"}],"about":[{"href":"https:\/\/www.oparanews.com.br\/index.php\/wp-json\/wp\/v2\/types\/post"}],"author":[{"embeddable":true,"href":"https:\/\/www.oparanews.com.br\/index.php\/wp-json\/wp\/v2\/users\/1"}],"replies":[{"embeddable":true,"href":"https:\/\/www.oparanews.com.br\/index.php\/wp-json\/wp\/v2\/comments?post=5598"}],"version-history":[{"count":0,"href":"https:\/\/www.oparanews.com.br\/index.php\/wp-json\/wp\/v2\/posts\/5598\/revisions"}],"wp:attachment":[{"href":"https:\/\/www.oparanews.com.br\/index.php\/wp-json\/wp\/v2\/media?parent=5598"}],"wp:term":[{"taxonomy":"category","embeddable":true,"href":"https:\/\/www.oparanews.com.br\/index.php\/wp-json\/wp\/v2\/categories?post=5598"},{"taxonomy":"post_tag","embeddable":true,"href":"https:\/\/www.oparanews.com.br\/index.php\/wp-json\/wp\/v2\/tags?post=5598"}],"curies":[{"name":"wp","href":"https:\/\/api.w.org\/{rel}","templated":true}]}}