{"id":5616,"date":"2020-04-20T19:11:27","date_gmt":"2020-04-20T19:11:27","guid":{"rendered":"https:\/\/oparanews.com.br\/?p=5616"},"modified":"2020-04-20T19:11:27","modified_gmt":"2020-04-20T19:11:27","slug":"em-arapiraca-hospital-de-emergencia-do-agreste-tera-mais-20-leitos-para-covid-19","status":"publish","type":"post","link":"https:\/\/www.oparanews.com.br\/index.php\/2020\/04\/20\/em-arapiraca-hospital-de-emergencia-do-agreste-tera-mais-20-leitos-para-covid-19\/","title":{"rendered":"Em Arapiraca: Hospital de Emerg\u00eancia do Agreste ter\u00e1 mais 20 leitos para Covid-19"},"content":{"rendered":"<p>Depois da implanta\u00e7\u00e3o de sete leitos de UTI equipados e destinados a casos suspeitos da Covid-19, o Hospital de Emerg\u00eancia do Agreste, em Arapiraca, est\u00e1 ampliando sua estrutura. Com isso, nos pr\u00f3ximos dias, ser\u00e3o abertos mais 20 novos leitos cl\u00ednicos de enfermaria para acolher pacientes com suspeita de infec\u00e7\u00e3o pelo novo coronav\u00edrus.<\/p>\n<p>Segundo revela a gerente-geral do HE do Agreste, B\u00e1rbara Fernanda Albuquerque, com o apoio da Secretaria de Estado da Sa\u00fade (Sesau), o hospital j\u00e1 disp\u00f5e de modernos respiradores, entre outros equipamentos, para atender casos suspeitos da Covid-19.<\/p>\n<p>Ela explica que a nova \u00e1rea foi criada com um acesso exclusivo, por tr\u00e1s do pr\u00e9dio do hospital, avaliada e aprovada pelo Servi\u00e7o de Vigil\u00e2ncia Sanit\u00e1ria. A gerente geral lembra que o HE do Agreste est\u00e1 preparado para atender pacientes, obedecendo a um fluxo estabelecido pelo N\u00facleo de Regula\u00e7\u00e3o da Sesau, que faz o acompanhamento dos casos e os encaminha para os hospitais conveniados.<\/p>\n<p>B\u00e1rbara Albuquerque tamb\u00e9m adianta que o novo setor destinado a receber pacientes com suspeita de Covid-19 \u00e9 isolado das outras salas do hospital. A equipe de atendimento \u00e9 formada por m\u00e9dicos, enfermeiros, fisioterapeutas, t\u00e9cnicos de enfermagem e t\u00e9cnicos de apoio administrativo.<\/p>\n<p>Medidas protetivas \u2013 Refer\u00eancia no atendimento a v\u00edtimas de traumas, o Hospital de Emerg\u00eancia do Agreste vem redobrando, desde o in\u00edcio da pandemia, os cuidados na assist\u00eancia aos pacientes e tamb\u00e9m aos profissionais de sa\u00fade.<\/p>\n<p>Por meio do N\u00facleo de Educa\u00e7\u00e3o Permanente (NEP), as equipes est\u00e3o realizando treinamentos di\u00e1rios, com a produ\u00e7\u00e3o de novos protocolos internos para situa\u00e7\u00f5es espec\u00edficas no enfrentamento \u00e0 Covid-19.<\/p>\n<p>B\u00e1rbara Albuquerque acrescenta que o HEA vem adotando todas as medidas preconizados pela Organiza\u00e7\u00e3o Mundial de Sa\u00fade (OMS), Anvisa e Minist\u00e9rio da Sa\u00fade, com o apoio da Secretaria de Estado da Sa\u00fade (Sesau).<\/p>\n<p>&nbsp;<\/p>\n<p><strong>Fonte: Ag\u00eancia Alagoas<\/strong><\/p>\n<p>&nbsp;<\/p>\n","protected":false},"excerpt":{"rendered":"<p>Depois da implanta\u00e7\u00e3o de sete leitos de UTI equipados e destinados a casos suspeitos da Covid-19, o Hospital de Emerg\u00eancia do Agreste, em Arapiraca, est\u00e1 ampliando sua estrutura. Com isso, nos pr\u00f3ximos dias, ser\u00e3o abertos mais 20 novos leitos cl\u00ednicos de enfermaria para acolher pacientes com suspeita de infec\u00e7\u00e3o pelo novo coronav\u00edrus. Segundo revela a &hellip;<\/p>\n","protected":false},"author":1,"featured_media":5617,"comment_status":"open","ping_status":"open","sticky":false,"template":"","format":"standard","meta":{"_jetpack_newsletter_access":"","_jetpack_dont_email_post_to_subs":false,"_jetpack_newsletter_tier_id":0,"_jetpack_memberships_contains_paywalled_content":false,"_jetpack_memberships_contains_paid_content":false,"footnotes":""},"categories":[1],"tags":[],"class_list":["post-5616","post","type-post","status-publish","format-standard","has-post-thumbnail","hentry","category-destaque"],"jetpack_sharing_enabled":true,"jetpack_featured_media_url":"","_links":{"self":[{"href":"https:\/\/www.oparanews.com.br\/index.php\/wp-json\/wp\/v2\/posts\/5616","targetHints":{"allow":["GET"]}}],"collection":[{"href":"https:\/\/www.oparanews.com.br\/index.php\/wp-json\/wp\/v2\/posts"}],"about":[{"href":"https:\/\/www.oparanews.com.br\/index.php\/wp-json\/wp\/v2\/types\/post"}],"author":[{"embeddable":true,"href":"https:\/\/www.oparanews.com.br\/index.php\/wp-json\/wp\/v2\/users\/1"}],"replies":[{"embeddable":true,"href":"https:\/\/www.oparanews.com.br\/index.php\/wp-json\/wp\/v2\/comments?post=5616"}],"version-history":[{"count":0,"href":"https:\/\/www.oparanews.com.br\/index.php\/wp-json\/wp\/v2\/posts\/5616\/revisions"}],"wp:attachment":[{"href":"https:\/\/www.oparanews.com.br\/index.php\/wp-json\/wp\/v2\/media?parent=5616"}],"wp:term":[{"taxonomy":"category","embeddable":true,"href":"https:\/\/www.oparanews.com.br\/index.php\/wp-json\/wp\/v2\/categories?post=5616"},{"taxonomy":"post_tag","embeddable":true,"href":"https:\/\/www.oparanews.com.br\/index.php\/wp-json\/wp\/v2\/tags?post=5616"}],"curies":[{"name":"wp","href":"https:\/\/api.w.org\/{rel}","templated":true}]}}