{"id":5619,"date":"2020-04-20T19:33:21","date_gmt":"2020-04-20T19:33:21","guid":{"rendered":"https:\/\/oparanews.com.br\/?p=5619"},"modified":"2020-04-20T19:33:21","modified_gmt":"2020-04-20T19:33:21","slug":"veja-quais-segmentos-do-comercio-terao-autorizacao-para-voltar-a-funcionar-em-alagoas","status":"publish","type":"post","link":"https:\/\/www.oparanews.com.br\/index.php\/2020\/04\/20\/veja-quais-segmentos-do-comercio-terao-autorizacao-para-voltar-a-funcionar-em-alagoas\/","title":{"rendered":"Veja quais segmentos do com\u00e9rcio ter\u00e3o autoriza\u00e7\u00e3o para voltar a funcionar em Alagoas"},"content":{"rendered":"<p>O novo decreto de emerg\u00eancia, que trata do isolamento para conter a propaga\u00e7\u00e3o do novo coronav\u00edrus, flexibiliza o funcionamento de novos segmentos do com\u00e9rcio e endurece regras para supermercados e bancos durante pandemia.<\/p>\n<p>O governador Renan Filho (MDB) anunciou no domingo (19) que as restri\u00e7\u00f5es seriam prorrogadas at\u00e9 o dia 5 de maio, mas com algumas mudan\u00e7as. O decreto anterior tem validade at\u00e9 as 23h59 desta segunda.<\/p>\n<p>Al\u00e9m das novas medidas para estabelecimentos comerciais, que est\u00e3o fechados desde o dia 20 de mar\u00e7o, tamb\u00e9m ser\u00e1 recomendado o uso geral de m\u00e1scaras de tecido por toda a popula\u00e7\u00e3o, como orientado pelo Minist\u00e9rio da Sa\u00fade. A informa\u00e7\u00e3o foi confirmada pela Secretaria de Comunica\u00e7\u00e3o do Estado.<\/p>\n<p>Veja abaixo os novos segmentos autorizados a reabrir:<\/p>\n<p><strong>* papelarias<\/strong><br \/>\n<strong>* livrarias<\/strong><br \/>\n<strong>* bancas de revista<\/strong><br \/>\n<strong>* lojas de material de limpeza<\/strong><br \/>\n<strong>* concession\u00e1rias de ve\u00edculos<\/strong><br \/>\n<strong>* lojas de aviamentos e tecidos (que s\u00e3o necess\u00e1rias para a amplia\u00e7\u00e3o da produ\u00e7\u00e3o artesanal e industrial de m\u00e1scaras)<\/strong><\/p>\n<p>Para reabrir, contudo, estes estabelecimentos dever\u00e3o seguir regras para evitar aglomera\u00e7\u00f5es e riscos aos seus funcion\u00e1rios e clientes.<\/p>\n<p>Alguns segmentos j\u00e1 estavam liberados pelos decretos anteriores e outros continuam sem permiss\u00e3o para abrir, como igrejas, academias, galerias e shoppings<\/p>\n<p>Regras r\u00edgidas a bancos e grandes supermercados<\/p>\n<p>O novo decreto tamb\u00e9m traz endurecimento as regras para funcionamento de bancos e grandes supermercados (com mais de 200 metros quadrados). Para estes estabelecimentos, ser\u00e1 obrigat\u00f3rio o uso de m\u00e1scaras por todos os funcion\u00e1rios.<\/p>\n<p>Os clientes quem n\u00e3o tiverem m\u00e1scaras, n\u00e3o poder\u00e3o entrar para fazer suas compras e utilizar os servi\u00e7os banc\u00e1rios, mas o estabelecimento que quiser, pode fornecer as m\u00e1scaras.<\/p>\n<p>&nbsp;<\/p>\n<p><strong>Fonte: G1\/AL<\/strong><\/p>\n<p>&nbsp;<\/p>\n","protected":false},"excerpt":{"rendered":"<p>O novo decreto de emerg\u00eancia, que trata do isolamento para conter a propaga\u00e7\u00e3o do novo coronav\u00edrus, flexibiliza o funcionamento de novos segmentos do com\u00e9rcio e endurece regras para supermercados e bancos durante pandemia. O governador Renan Filho (MDB) anunciou no domingo (19) que as restri\u00e7\u00f5es seriam prorrogadas at\u00e9 o dia 5 de maio, mas com &hellip;<\/p>\n","protected":false},"author":1,"featured_media":5620,"comment_status":"open","ping_status":"open","sticky":false,"template":"","format":"standard","meta":{"_jetpack_newsletter_access":"","_jetpack_dont_email_post_to_subs":false,"_jetpack_newsletter_tier_id":0,"_jetpack_memberships_contains_paywalled_content":false,"_jetpack_memberships_contains_paid_content":false,"footnotes":""},"categories":[1],"tags":[],"class_list":["post-5619","post","type-post","status-publish","format-standard","has-post-thumbnail","hentry","category-destaque"],"jetpack_sharing_enabled":true,"jetpack_featured_media_url":"","_links":{"self":[{"href":"https:\/\/www.oparanews.com.br\/index.php\/wp-json\/wp\/v2\/posts\/5619","targetHints":{"allow":["GET"]}}],"collection":[{"href":"https:\/\/www.oparanews.com.br\/index.php\/wp-json\/wp\/v2\/posts"}],"about":[{"href":"https:\/\/www.oparanews.com.br\/index.php\/wp-json\/wp\/v2\/types\/post"}],"author":[{"embeddable":true,"href":"https:\/\/www.oparanews.com.br\/index.php\/wp-json\/wp\/v2\/users\/1"}],"replies":[{"embeddable":true,"href":"https:\/\/www.oparanews.com.br\/index.php\/wp-json\/wp\/v2\/comments?post=5619"}],"version-history":[{"count":0,"href":"https:\/\/www.oparanews.com.br\/index.php\/wp-json\/wp\/v2\/posts\/5619\/revisions"}],"wp:attachment":[{"href":"https:\/\/www.oparanews.com.br\/index.php\/wp-json\/wp\/v2\/media?parent=5619"}],"wp:term":[{"taxonomy":"category","embeddable":true,"href":"https:\/\/www.oparanews.com.br\/index.php\/wp-json\/wp\/v2\/categories?post=5619"},{"taxonomy":"post_tag","embeddable":true,"href":"https:\/\/www.oparanews.com.br\/index.php\/wp-json\/wp\/v2\/tags?post=5619"}],"curies":[{"name":"wp","href":"https:\/\/api.w.org\/{rel}","templated":true}]}}