{"id":5638,"date":"2020-04-21T11:43:31","date_gmt":"2020-04-21T11:43:31","guid":{"rendered":"https:\/\/oparanews.com.br\/?p=5638"},"modified":"2020-04-21T11:43:31","modified_gmt":"2020-04-21T11:43:31","slug":"preservar-economia-nao-significa-sair-do-isolamento-diz-guedes","status":"publish","type":"post","link":"https:\/\/www.oparanews.com.br\/index.php\/2020\/04\/21\/preservar-economia-nao-significa-sair-do-isolamento-diz-guedes\/","title":{"rendered":"Preservar economia n\u00e3o significa sair do isolamento, diz Guedes"},"content":{"rendered":"<p>O isolamento social n\u00e3o precisa ser abandonado e pode ser conciliado com a preserva\u00e7\u00e3o da atividade econ\u00f4mica, disse hoje (20) o ministro da Economia, Paulo Guedes. Em videoconfer\u00eancia com investidores, ele se disse otimista com a recupera\u00e7\u00e3o da produ\u00e7\u00e3o e do consumo e ressaltou que n\u00e3o faltar\u00e1 dinheiro para a sa\u00fade durante a pandemia provocada pelo novo coronav\u00edrus.<\/p>\n<p>Segundo o ministro, as medidas de preserva\u00e7\u00e3o do emprego e de aux\u00edlio \u00e0s camadas mais vulner\u00e1veis da popula\u00e7\u00e3o ajudar\u00e3o a manter os &#8220;pontos vitais&#8221; da economia de forma a tornar poss\u00edvel a sa\u00edda da crise da melhor forma poss\u00edvel. Ele se disse otimista com o trabalho da equipe econ\u00f4mica e afirmou que as medidas tomadas no primeiro ano de governo facilitar\u00e3o a recupera\u00e7\u00e3o.<\/p>\n<p>&#8220;A economia est\u00e1 com mais for\u00e7a do que se est\u00e1 pensando, porque ela j\u00e1 estava come\u00e7ando a se mover. E, se n\u00f3s preservamos os sinais vitais da economia, n\u00e3o significa sair do isolamento. Temos de pensar nisso tamb\u00e9m. S\u00e3o duas dimens\u00f5es&#8221;, disse Guedes.<\/p>\n<p>Na avalia\u00e7\u00e3o de Guedes, um dos sinais de que a recupera\u00e7\u00e3o econ\u00f4mica \u00e9 vi\u00e1vel est\u00e1 na manuten\u00e7\u00e3o das exporta\u00e7\u00f5es para a China, nosso maior parceiro comercial e principal destino dos produtos brasileiros. &#8220;N\u00e3o sabia que seria uma pandemia, mas vale observar que at\u00e9 o momento n\u00e3o h\u00e1 queda nas exporta\u00e7\u00f5es&#8221;, disse.<\/p>\n<p>O ministro admitiu que a crise foi maior que o esperado, mas defendeu a atua\u00e7\u00e3o da pasta assim que a dimens\u00e3o dos impactos da covid-19 foi percebida. &#8220;Como no Brasil temos zika, dengue, eles t\u00eam l\u00e1 a gripe su\u00edna, a gripe avi\u00e1ria e teria sido a covid-19 um problema [apenas] na China. Quando caiu a ficha de que era uma pandemia, no dia seguinte tomamos conhecimento da dimens\u00e3o tr\u00e1gica, montamos o grupo e come\u00e7amos a disparar as medidas&#8221;, disse.<\/p>\n<p><strong>Sa\u00fade<\/strong><\/p>\n<p>O ministro assegurou que n\u00e3o faltar\u00e1 dinheiro para a sa\u00fade enquanto durar a pandemia. Em rela\u00e7\u00e3o \u00e0 recupera\u00e7\u00e3o econ\u00f4mica, Guedes afirmou que o governo ter\u00e1 de acelerar as reformas estruturais &#8211; como a tribut\u00e1ria, do pacto federativo e a administrativa &#8211; para criar um ambiente mais favor\u00e1vel ao investimento privado. Ele pediu que, a partir do segundo semestre, o Congresso aprove mecanismos para reequilibrar as contas p\u00fablicas e prometeu acelerar o programa de privatiza\u00e7\u00f5es para reduzir o endividamento do governo com as pol\u00edticas emergenciais.<\/p>\n<p>&#8220;A velocidade de escape desse buraco negro depender\u00e1 do prosseguimento das reformas. Se n\u00e3o acelerar com as reformas estruturantes, n\u00e3o teremos apenas um ano de pesadelo&#8221;, declarou.<\/p>\n<p>Guedes criticou ainda o pacote de aux\u00edlio a estados e munic\u00edpios aprovado pela C\u00e2mara. Ele defende o repasse de R$ 40 bilh\u00f5es para repor perdas de arrecada\u00e7\u00e3o dos governos locais, contra um pacote de R$ 86,9 bilh\u00f5es aprovado pela C\u00e2mara que obriga a Uni\u00e3o a repor, sem limites, a diminui\u00e7\u00e3o das receitas das prefeituras e dos governos estaduais. &#8220;Como n\u00f3s podemos garantir receitas? Voc\u00ea n\u00e3o pode depositar R$ 80 bilh\u00f5es e dar garantias irrestritas. E se o governador decidir que o isolamento \u00e9 de dois anos? Como n\u00f3s vamos garantir isso?&#8221;, questionou.<\/p>\n<p>O ministro participou de uma videoconfer\u00eancia promovida pelo banco de investimentos BTG. A conversa foi conduzida pelo seu antecessor, o ex-ministro da Fazenda, Eduardo Guardia, que hoje \u00e9 CEO (presidente-executivo) da institui\u00e7\u00e3o financeira. Guedes falou por cerca de uma hora e meia sem ser interrompido pelo antecessor.<\/p>\n<p>&nbsp;<\/p>\n<p>&nbsp;<\/p>\n<p><strong>Fonte: G1<\/strong><\/p>\n<p>&nbsp;<\/p>\n","protected":false},"excerpt":{"rendered":"<p>O isolamento social n\u00e3o precisa ser abandonado e pode ser conciliado com a preserva\u00e7\u00e3o da atividade econ\u00f4mica, disse hoje (20) o ministro da Economia, Paulo Guedes. Em videoconfer\u00eancia com investidores, ele se disse otimista com a recupera\u00e7\u00e3o da produ\u00e7\u00e3o e do consumo e ressaltou que n\u00e3o faltar\u00e1 dinheiro para a sa\u00fade durante a pandemia provocada &hellip;<\/p>\n","protected":false},"author":1,"featured_media":5639,"comment_status":"open","ping_status":"open","sticky":false,"template":"","format":"standard","meta":{"_jetpack_newsletter_access":"","_jetpack_dont_email_post_to_subs":false,"_jetpack_newsletter_tier_id":0,"_jetpack_memberships_contains_paywalled_content":false,"_jetpack_memberships_contains_paid_content":false,"footnotes":""},"categories":[1],"tags":[],"class_list":["post-5638","post","type-post","status-publish","format-standard","has-post-thumbnail","hentry","category-destaque"],"jetpack_sharing_enabled":true,"jetpack_featured_media_url":"","_links":{"self":[{"href":"https:\/\/www.oparanews.com.br\/index.php\/wp-json\/wp\/v2\/posts\/5638","targetHints":{"allow":["GET"]}}],"collection":[{"href":"https:\/\/www.oparanews.com.br\/index.php\/wp-json\/wp\/v2\/posts"}],"about":[{"href":"https:\/\/www.oparanews.com.br\/index.php\/wp-json\/wp\/v2\/types\/post"}],"author":[{"embeddable":true,"href":"https:\/\/www.oparanews.com.br\/index.php\/wp-json\/wp\/v2\/users\/1"}],"replies":[{"embeddable":true,"href":"https:\/\/www.oparanews.com.br\/index.php\/wp-json\/wp\/v2\/comments?post=5638"}],"version-history":[{"count":0,"href":"https:\/\/www.oparanews.com.br\/index.php\/wp-json\/wp\/v2\/posts\/5638\/revisions"}],"wp:attachment":[{"href":"https:\/\/www.oparanews.com.br\/index.php\/wp-json\/wp\/v2\/media?parent=5638"}],"wp:term":[{"taxonomy":"category","embeddable":true,"href":"https:\/\/www.oparanews.com.br\/index.php\/wp-json\/wp\/v2\/categories?post=5638"},{"taxonomy":"post_tag","embeddable":true,"href":"https:\/\/www.oparanews.com.br\/index.php\/wp-json\/wp\/v2\/tags?post=5638"}],"curies":[{"name":"wp","href":"https:\/\/api.w.org\/{rel}","templated":true}]}}