{"id":5641,"date":"2020-04-21T11:46:05","date_gmt":"2020-04-21T11:46:05","guid":{"rendered":"https:\/\/oparanews.com.br\/?p=5641"},"modified":"2020-04-21T11:46:05","modified_gmt":"2020-04-21T11:46:05","slug":"petrobras-corta-8-do-preco-da-gasolina-nas-refinarias","status":"publish","type":"post","link":"https:\/\/www.oparanews.com.br\/index.php\/2020\/04\/21\/petrobras-corta-8-do-preco-da-gasolina-nas-refinarias\/","title":{"rendered":"Petrobras corta 8% do pre\u00e7o da gasolina nas refinarias"},"content":{"rendered":"<p>Menos de uma semana ap\u00f3s os \u00faltimos cortes, a Petrobras voltar\u00e1 a reduzir, nesta ter\u00e7a (21) os pre\u00e7os da gasolina e do diesel no pa\u00eds. Ser\u00e1 o 11\u00ba corte na gasolina e o 10\u00ba no diesel, em resposta \u00e0 queda das cota\u00e7\u00f5es internacionais em meio \u00e0 pandemia do novo coronav\u00edrus.<\/p>\n<p>Segundo a estatal, o pre\u00e7o da gasolina cair\u00e1, em m\u00e9dia, 8%, passando a custar em suas refinarias R$ 0,91 por litro. Desde o in\u00edcio do ano, a queda acumulada \u00e9 de 55%. J\u00e1 o pre\u00e7o do diesel ser\u00e1 reduzido em 4%, em m\u00e9dia, passando a custar 1,46 por litro. A redu\u00e7\u00e3o acumulada em 2020 \u00e9 de 38%.<\/p>\n<p>Considerando valores corrigidos pela infla\u00e7\u00e3o, os pre\u00e7os dos dois combust\u00edveis nas refinarias da Petrobras est\u00e3o nos menores patamares ao menos desde 2005, in\u00edcio de s\u00e9rie hist\u00f3rica compilada pelo CBIE (Centro Brasileiro de Infraestrutura).<\/p>\n<p>Segundo especialistas, o cen\u00e1rio reflete o elevado n\u00edvel de estoques globais dos produtos, j\u00e1 que o consumo despencou ap\u00f3s o in\u00edcio das medidas de isolamento em social para conter a contamina\u00e7\u00e3o pela Covid-19. No mundo, h\u00e1 not\u00edcias de empresas contratando navios como alternativa para estocar os produtos.<\/p>\n<p>Segundo dados da EIA (a ag\u00eancia de estat\u00edsticas do Departamento de Energia dos EUA), os estoques de gasolina naquele pa\u00eds atingiram 262 milh\u00f5es de barris no \u00faltimo dia 10, um aumento de 15% em rela\u00e7\u00e3o o verificado no dia 12 de dezembro de 2019.<\/p>\n<p>O movimento ocorreu mesmo com uma redu\u00e7\u00e3o de cerca de 30% na produ\u00e7\u00e3o do combust\u00edvel no mesmo per\u00edodo: no dia 10 de abril, a produ\u00e7\u00e3o acumulada em 30 dias nas refinarias foi de 7 milh\u00f5es de barris de gasolina, ante 9,9 milh\u00f5es de barris no per\u00edodo de 30 dias encerrado em 12 de dezembro.<\/p>\n<p>No Brasil, a Petrobras viu uma queda de 60% na demanda por gasolina nas primeiras semanas ap\u00f3s o in\u00edcio do isolamento. A estatal tamb\u00e9m reduziu a produ\u00e7\u00e3o de combust\u00edveis em suas refinarias para evitar gargalos na infraestrutura de armazenamento.<\/p>\n<p>Para enfrentar o cen\u00e1rio de pre\u00e7os baixos, anunciou uma s\u00e9rie de medidas, como corte de investimentos, suspens\u00e3o de b\u00f4nus e dividendos e redu\u00e7\u00e3o da produ\u00e7\u00e3o de petr\u00f3leo, com a hiberna\u00e7\u00e3o de 62 plataformas.<\/p>\n<p>Nos postos brasileiros, o pre\u00e7o da gasolina continua em queda, segundo dados da ANP (Ag\u00eancia Nacional do Petr\u00f3leo, G\u00e1s e Biocombust\u00edveis). Na semana passada, o litro do combust\u00edvel foi vendido, em m\u00e9dia, a R$ 4,095, 1,3% a menos do que na semana anterior. Em 2020, a queda acumulada \u00e9 de 10,1%;<\/p>\n<p>J\u00e1 o diesel caiu 0,6% na semana passada, para R$ 3,318 por litro. Desde o in\u00edcio do ano, a redu\u00e7\u00e3o \u00e9 de 11,5%.<\/p>\n<p>A queda dos pre\u00e7os gerou um embate entre Petrobras e usineiros, que pedem a eleva\u00e7\u00e3o de impostos sobre a gasolina para ajudar na competitividade do etanol -que s\u00f3 \u00e9 vantajoso quando seu pre\u00e7o equivale a at\u00e9 70% do pre\u00e7o do derivado de petr\u00f3leo.<\/p>\n<p>O setor de cana de a\u00e7\u00facar tem apoio do Minist\u00e9rio da Agricultura, mas o presidente da Petrobras, Roberto Castello Branco diz que a medida pode prejudicar o abastecimento de g\u00e1s de botij\u00e3o, que \u00e9 produzido nas refinarias com a gasolina.<\/p>\n<p>&nbsp;<\/p>\n<p><strong>Fonte: Folhapress<\/strong><\/p>\n<p>&nbsp;<\/p>\n","protected":false},"excerpt":{"rendered":"<p>Menos de uma semana ap\u00f3s os \u00faltimos cortes, a Petrobras voltar\u00e1 a reduzir, nesta ter\u00e7a (21) os pre\u00e7os da gasolina e do diesel no pa\u00eds. Ser\u00e1 o 11\u00ba corte na gasolina e o 10\u00ba no diesel, em resposta \u00e0 queda das cota\u00e7\u00f5es internacionais em meio \u00e0 pandemia do novo coronav\u00edrus. Segundo a estatal, o pre\u00e7o &hellip;<\/p>\n","protected":false},"author":1,"featured_media":5642,"comment_status":"open","ping_status":"open","sticky":false,"template":"","format":"standard","meta":{"_jetpack_newsletter_access":"","_jetpack_dont_email_post_to_subs":false,"_jetpack_newsletter_tier_id":0,"_jetpack_memberships_contains_paywalled_content":false,"_jetpack_memberships_contains_paid_content":false,"footnotes":""},"categories":[1],"tags":[],"class_list":["post-5641","post","type-post","status-publish","format-standard","has-post-thumbnail","hentry","category-destaque"],"jetpack_sharing_enabled":true,"jetpack_featured_media_url":"","_links":{"self":[{"href":"https:\/\/www.oparanews.com.br\/index.php\/wp-json\/wp\/v2\/posts\/5641","targetHints":{"allow":["GET"]}}],"collection":[{"href":"https:\/\/www.oparanews.com.br\/index.php\/wp-json\/wp\/v2\/posts"}],"about":[{"href":"https:\/\/www.oparanews.com.br\/index.php\/wp-json\/wp\/v2\/types\/post"}],"author":[{"embeddable":true,"href":"https:\/\/www.oparanews.com.br\/index.php\/wp-json\/wp\/v2\/users\/1"}],"replies":[{"embeddable":true,"href":"https:\/\/www.oparanews.com.br\/index.php\/wp-json\/wp\/v2\/comments?post=5641"}],"version-history":[{"count":0,"href":"https:\/\/www.oparanews.com.br\/index.php\/wp-json\/wp\/v2\/posts\/5641\/revisions"}],"wp:attachment":[{"href":"https:\/\/www.oparanews.com.br\/index.php\/wp-json\/wp\/v2\/media?parent=5641"}],"wp:term":[{"taxonomy":"category","embeddable":true,"href":"https:\/\/www.oparanews.com.br\/index.php\/wp-json\/wp\/v2\/categories?post=5641"},{"taxonomy":"post_tag","embeddable":true,"href":"https:\/\/www.oparanews.com.br\/index.php\/wp-json\/wp\/v2\/tags?post=5641"}],"curies":[{"name":"wp","href":"https:\/\/api.w.org\/{rel}","templated":true}]}}