{"id":5653,"date":"2020-04-22T16:59:59","date_gmt":"2020-04-22T16:59:59","guid":{"rendered":"https:\/\/oparanews.com.br\/?p=5653"},"modified":"2020-04-22T16:59:59","modified_gmt":"2020-04-22T16:59:59","slug":"mp-al-entra-com-acao-civil-publica-contra-prefeitura-de-sao-miguel-dos-campos","status":"publish","type":"post","link":"https:\/\/www.oparanews.com.br\/index.php\/2020\/04\/22\/mp-al-entra-com-acao-civil-publica-contra-prefeitura-de-sao-miguel-dos-campos\/","title":{"rendered":"MP-AL entra com a\u00e7\u00e3o civil p\u00fablica contra prefeitura de S\u00e3o Miguel dos Campos"},"content":{"rendered":"<p>O Minist\u00e9rio P\u00fablico Estadual de Alagoas (MPAL) entrou com uma a\u00e7\u00e3o civil p\u00fablica contra a prefeitura de S\u00e3o Miguel dos Campos, por causa de contrata\u00e7\u00f5es irregulares por tempo indeterminado, o que pode ser considerado, segundo a Constitui\u00e7\u00e3o Federal, como improbidade administrativa.<\/p>\n<p>A prefeitura de S\u00e3o Miguel dos Campos informou que ainda n\u00e3o foi notificada sobre o teor da a\u00e7\u00e3o, mas desconhece qualquer tipo de contrata\u00e7\u00e3o irregular, e recebe com surpresa o ajuizamento. Informou ainda que diminuiu de forma significativa o n\u00famero de contratados e que a atual gest\u00e3o realizou concurso p\u00fablico, o que n\u00e3o era feito desde 2006.<\/p>\n<p>A 2\u00aa Promotoria de Justi\u00e7a de S\u00e3o Miguel dos Campos tomou a decis\u00e3o ap\u00f3s constatar que 35% dos servidores da prefeitura s\u00e3o contratados a t\u00edtulo prec\u00e1rio, sem qualquer garantia. De acordo com o promotor de Justi\u00e7a Vinicius Calheiros Alves, atualmente o quadro \u00e9 composto por 2478 servidores, sendo 884 com v\u00ednculo tempor\u00e1rio.<\/p>\n<p>Na a\u00e7\u00e3o, \u00e9 pedido que o munic\u00edpio justifique as contrata\u00e7\u00f5es de todos esses funcion\u00e1rios, um por um, explicando o motivo particular de cada caso e as raz\u00f5es que permitem identific\u00e1-las como tempor\u00e1rias e apontando seus termos inicial e final (data de contrata\u00e7\u00e3o e a data em que se encerra o contrato.<\/p>\n<p>O Minist\u00e9rio P\u00fablico pede que, ao final da a\u00e7\u00e3o, todos os contratos tempor\u00e1rios sejam anulados, e que a prefeitura se comprometa a n\u00e3o efetivar novas contrata\u00e7\u00f5es tempor\u00e1rias que n\u00e3o preencham os requisitos constitucionais.<\/p>\n<p>&nbsp;<\/p>\n<p>&nbsp;<\/p>\n<p><strong>Fonte: G1\/AL<\/strong><\/p>\n<p>&nbsp;<\/p>\n","protected":false},"excerpt":{"rendered":"<p>O Minist\u00e9rio P\u00fablico Estadual de Alagoas (MPAL) entrou com uma a\u00e7\u00e3o civil p\u00fablica contra a prefeitura de S\u00e3o Miguel dos Campos, por causa de contrata\u00e7\u00f5es irregulares por tempo indeterminado, o que pode ser considerado, segundo a Constitui\u00e7\u00e3o Federal, como improbidade administrativa. A prefeitura de S\u00e3o Miguel dos Campos informou que ainda n\u00e3o foi notificada sobre &hellip;<\/p>\n","protected":false},"author":1,"featured_media":5654,"comment_status":"open","ping_status":"open","sticky":false,"template":"","format":"standard","meta":{"_jetpack_newsletter_access":"","_jetpack_dont_email_post_to_subs":false,"_jetpack_newsletter_tier_id":0,"_jetpack_memberships_contains_paywalled_content":false,"_jetpack_memberships_contains_paid_content":false,"footnotes":""},"categories":[1],"tags":[],"class_list":["post-5653","post","type-post","status-publish","format-standard","has-post-thumbnail","hentry","category-destaque"],"jetpack_sharing_enabled":true,"jetpack_featured_media_url":"","_links":{"self":[{"href":"https:\/\/www.oparanews.com.br\/index.php\/wp-json\/wp\/v2\/posts\/5653","targetHints":{"allow":["GET"]}}],"collection":[{"href":"https:\/\/www.oparanews.com.br\/index.php\/wp-json\/wp\/v2\/posts"}],"about":[{"href":"https:\/\/www.oparanews.com.br\/index.php\/wp-json\/wp\/v2\/types\/post"}],"author":[{"embeddable":true,"href":"https:\/\/www.oparanews.com.br\/index.php\/wp-json\/wp\/v2\/users\/1"}],"replies":[{"embeddable":true,"href":"https:\/\/www.oparanews.com.br\/index.php\/wp-json\/wp\/v2\/comments?post=5653"}],"version-history":[{"count":0,"href":"https:\/\/www.oparanews.com.br\/index.php\/wp-json\/wp\/v2\/posts\/5653\/revisions"}],"wp:attachment":[{"href":"https:\/\/www.oparanews.com.br\/index.php\/wp-json\/wp\/v2\/media?parent=5653"}],"wp:term":[{"taxonomy":"category","embeddable":true,"href":"https:\/\/www.oparanews.com.br\/index.php\/wp-json\/wp\/v2\/categories?post=5653"},{"taxonomy":"post_tag","embeddable":true,"href":"https:\/\/www.oparanews.com.br\/index.php\/wp-json\/wp\/v2\/tags?post=5653"}],"curies":[{"name":"wp","href":"https:\/\/api.w.org\/{rel}","templated":true}]}}