{"id":5674,"date":"2020-04-22T23:48:46","date_gmt":"2020-04-22T23:48:46","guid":{"rendered":"https:\/\/oparanews.com.br\/?p=5674"},"modified":"2020-04-22T23:48:46","modified_gmt":"2020-04-22T23:48:46","slug":"alagoas-tem-243-casos-confirmados-da-covid-19-e-20-obitos","status":"publish","type":"post","link":"https:\/\/www.oparanews.com.br\/index.php\/2020\/04\/22\/alagoas-tem-243-casos-confirmados-da-covid-19-e-20-obitos\/","title":{"rendered":"Alagoas tem 243 casos confirmados da Covid-19 e 20 \u00f3bitos"},"content":{"rendered":"<p>O Boletim Epidemiol\u00f3gico desta quarta-feira (22\/04) confirma mais 33 casos de Covid-19 em Alagoas. Dessa forma, o Estado tem um total de 243 casos confirmados do novo coronav\u00edrus at\u00e9 o momento, dos quais 126 est\u00e3o em isolamento domiciliar e 23 internados em leitos p\u00fablicos e privados. Outros 74 pacientes j\u00e1 finalizaram o per\u00edodo de isolamento, n\u00e3o apresentam mais sintomas e, portanto, est\u00e3o recuperados da doen\u00e7a. H\u00e1 332 casos em investiga\u00e7\u00e3o laboratorial.<\/p>\n<p>Uma nova morte foi confirmada laboratorialmente. A v\u00edtima era um homem, de 89 anos, que residia em Macei\u00f3 e veio a \u00f3bito no Hospital da Mulher Dra. Nise da Silveira. A v\u00edtima tinha mal de Parkinson, era cardiopata e possu\u00eda sequelas de um Acidente Vascular Cerebral (AVC). Com isso, o Estado contabiliza 20 mortes por Covid-19.<\/p>\n<p>Os casos confirmados est\u00e3o distribu\u00eddos nas cidades de Macei\u00f3 (205), Marechal Deodoro (6), Rio Largo (5), Arapiraca (3), Pilar (3), Palmeira dos \u00cdndios (2), Murici (2), Porto Real do Col\u00e9gio (1), Satuba (1), Boca da Mata (1), Uni\u00e3o dos Palmares (1), S\u00e3o Miguel dos Milagres (1), Vi\u00e7osa (1), Ibateguara (1), Capela (1) e Maribondo (1). As outras oito pessoas que testaram positivo para a Covid-19 em Alagoas residem em Pernambuco (1), Rio de Janeiro (2), Bras\u00edlia (2) e S\u00e3o Paulo (3).<\/p>\n<p>Leitos de Covid-19 do Estado \u2013 Dos 339 leitos criados pela Secretaria de Estado da Sa\u00fade (Sesau) para atender, exclusivamente, pacientes com suspeita e confirma\u00e7\u00e3o de infec\u00e7\u00e3o pelo novo coronav\u00edrus, 55 estavam ocupados at\u00e9 as 13h desta quarta-feira (22\/04), o que corresponde a 16% do total \u2013 24 pacientes est\u00e3o em leitos de UTI, 01 em UTI Intermedi\u00e1ria e 30 em leitos cl\u00ednicos.<\/p>\n<p>Desses, 48 est\u00e3o internados em Macei\u00f3, quatro em Arapiraca e tr\u00eas em Coruripe, segundo dados da Central de Regula\u00e7\u00e3o de Leitos da Sesau. Para acompanhar a evolu\u00e7\u00e3o da ocupa\u00e7\u00e3o dos leitos exclusivos para Covid-19, clique aqui.<\/p>\n<p>\u00d3bitos \u2013 Alagoas tem 20 \u00f3bitos confirmados, sendo 13 do sexo masculino e sete do feminino. Catorze v\u00edtimas residiam em Macei\u00f3 e as outras seis em Marechal Deodoro (1), S\u00e3o Paulo (1), S\u00e3o Miguel dos Milagres (1), Recife (1), Vi\u00e7osa (1) e Ibateguara (1), segundo o Centro de Informa\u00e7\u00f5es Estrat\u00e9gicas de Vigil\u00e2ncia em Sa\u00fade (Cievs). A m\u00e9dia de idade \u00e9 de 66 anos, sendo a idade m\u00ednima 24 e a m\u00e1xima 89 anos.<\/p>\n<p>Rela\u00e7\u00e3o das mortes por Covid-19:<\/p>\n<p>1\u00aa \u2013 31\/03 \u2013 Homem, 64 anos \u2013 Macei\u00f3 (AL)<br \/>\n2\u00aa \u2013 03\/04 \u2013 Homem, 78 anos \u2013 Macei\u00f3 (AL)<br \/>\n3\u00aa \u2013 08\/04 \u2013 Mulher, 77 anos \u2013 S\u00e3o Paulo (SP)<br \/>\n4\u00aa \u2013 12\/04 \u2013 Homem, 79 anos \u2013 Marechal Deodoro (AL)<br \/>\n5\u00aa \u2013 14\/04 \u2013 Homem, 48 anos \u2013 Macei\u00f3 (AL)<br \/>\n6\u00aa \u2013 17\/04 \u2013 Homem, 46 anos \u2013 Macei\u00f3 (AL)<br \/>\n7\u00aa \u2013 17\/04 \u2013 Homem, 40 anos \u2013 Macei\u00f3 (AL)<br \/>\n8\u00aa \u2013 18\/04 \u2013 Homem, 73 anos \u2013 Recife (PE)<br \/>\n9\u00aa \u2013 18\/04 \u2013 Mulher, 56 anos \u2013 S\u00e3o Miguel dos Milagres (AL)<br \/>\n10\u00aa \u2013 18\/04 \u2013 Mulher, 72 anos \u2013 Macei\u00f3 (AL)<br \/>\n11\u00aa \u2013 19\/04 \u2013 Mulher, 58 anos \u2013 Macei\u00f3 (AL)<br \/>\n12\u00aa \u2013 19\/04 \u2013 Mulher, 74 anos \u2013 Macei\u00f3 (AL)<br \/>\n13\u00aa \u2013 19\/04 \u2013 Homem, 83 anos \u2013 Macei\u00f3 (AL)<br \/>\n14\u00aa \u2013 19\/04 \u2013 Homem, 85 anos \u2013 Vi\u00e7osa (AL)<br \/>\n15\u00aa \u2013 19\/04 \u2013 Mulher, 63 anos \u2013 Ibateguara (AL)<br \/>\n16\u00aa \u2013 20\/04 \u2013 Mulher, 60 anos \u2013 Macei\u00f3 (AL)<br \/>\n17\u00aa \u2013 20\/04 \u2013 Homem, 67 anos \u2013 Macei\u00f3 (AL)<br \/>\n18\u00aa \u2013 20\/04 \u2013 Homem, 34 anos \u2013 Macei\u00f3 (AL)<br \/>\n19\u00aa \u2013 21\/04 \u2013 Homem, 24 anos \u2013 Macei\u00f3 (AL)<br \/>\n20\u00aa \u2013 22\/04 \u2013 Homem, 89 anos \u2013 Macei\u00f3 (AL)<\/p>\n<p>*As datas acima se referem \u00e0 inclus\u00e3o dos \u00f3bitos confirmados no Boletim Epidemiol\u00f3gico do CIEVS.<\/p>\n<p>&nbsp;<\/p>\n<p><strong>Fonte: Sesau\/AL<\/strong><\/p>\n<p>&nbsp;<\/p>\n","protected":false},"excerpt":{"rendered":"<p>O Boletim Epidemiol\u00f3gico desta quarta-feira (22\/04) confirma mais 33 casos de Covid-19 em Alagoas. Dessa forma, o Estado tem um total de 243 casos confirmados do novo coronav\u00edrus at\u00e9 o momento, dos quais 126 est\u00e3o em isolamento domiciliar e 23 internados em leitos p\u00fablicos e privados. Outros 74 pacientes j\u00e1 finalizaram o per\u00edodo de isolamento, &hellip;<\/p>\n","protected":false},"author":1,"featured_media":5675,"comment_status":"open","ping_status":"open","sticky":false,"template":"","format":"standard","meta":{"_jetpack_newsletter_access":"","_jetpack_dont_email_post_to_subs":false,"_jetpack_newsletter_tier_id":0,"_jetpack_memberships_contains_paywalled_content":false,"_jetpack_memberships_contains_paid_content":false,"footnotes":""},"categories":[1],"tags":[],"class_list":["post-5674","post","type-post","status-publish","format-standard","has-post-thumbnail","hentry","category-destaque"],"jetpack_sharing_enabled":true,"jetpack_featured_media_url":"","_links":{"self":[{"href":"https:\/\/www.oparanews.com.br\/index.php\/wp-json\/wp\/v2\/posts\/5674","targetHints":{"allow":["GET"]}}],"collection":[{"href":"https:\/\/www.oparanews.com.br\/index.php\/wp-json\/wp\/v2\/posts"}],"about":[{"href":"https:\/\/www.oparanews.com.br\/index.php\/wp-json\/wp\/v2\/types\/post"}],"author":[{"embeddable":true,"href":"https:\/\/www.oparanews.com.br\/index.php\/wp-json\/wp\/v2\/users\/1"}],"replies":[{"embeddable":true,"href":"https:\/\/www.oparanews.com.br\/index.php\/wp-json\/wp\/v2\/comments?post=5674"}],"version-history":[{"count":0,"href":"https:\/\/www.oparanews.com.br\/index.php\/wp-json\/wp\/v2\/posts\/5674\/revisions"}],"wp:attachment":[{"href":"https:\/\/www.oparanews.com.br\/index.php\/wp-json\/wp\/v2\/media?parent=5674"}],"wp:term":[{"taxonomy":"category","embeddable":true,"href":"https:\/\/www.oparanews.com.br\/index.php\/wp-json\/wp\/v2\/categories?post=5674"},{"taxonomy":"post_tag","embeddable":true,"href":"https:\/\/www.oparanews.com.br\/index.php\/wp-json\/wp\/v2\/tags?post=5674"}],"curies":[{"name":"wp","href":"https:\/\/api.w.org\/{rel}","templated":true}]}}