{"id":5686,"date":"2020-04-23T00:53:12","date_gmt":"2020-04-23T00:53:12","guid":{"rendered":"https:\/\/oparanews.com.br\/?p=5686"},"modified":"2020-04-23T00:53:12","modified_gmt":"2020-04-23T00:53:12","slug":"teich-governo-apresentara-modelo-para-saida-de-isolamento","status":"publish","type":"post","link":"https:\/\/www.oparanews.com.br\/index.php\/2020\/04\/23\/teich-governo-apresentara-modelo-para-saida-de-isolamento\/","title":{"rendered":"Teich: &#8220;Governo apresentar\u00e1 modelo para sa\u00edda de isolamento&#8221;"},"content":{"rendered":"<p>O governo vai apresentar na semana que vem um modelo para ser usado por Estados nas avalia\u00e7\u00f5es sobre a possibilidade de sa\u00edda do isolamento social, disse nesta quarta-feira o ministro da Sa\u00fade, Nelson Teich.<\/p>\n<p>Em entrevista coletiva, Teich afirmou que o modelo j\u00e1 possui uma matriz pronta e deve incluir todas as vari\u00e1veis poss\u00edveis, al\u00e9m de proje\u00e7\u00f5es de curto prazo, pois &#8220;\u00e9 imposs\u00edvel&#8221; estimar a situa\u00e7\u00e3o no longo prazo.<\/p>\n<p>O ministro acrescentou que o governo atuar\u00e1 em cada regi\u00e3o do pa\u00eds da forma que considerar mais adequada para a \u00e1rea.<\/p>\n<p>&nbsp;<\/p>\n<p><strong>Fonte: Terra<\/strong><\/p>\n<p>&nbsp;<\/p>\n","protected":false},"excerpt":{"rendered":"<p>O governo vai apresentar na semana que vem um modelo para ser usado por Estados nas avalia\u00e7\u00f5es sobre a possibilidade de sa\u00edda do isolamento social, disse nesta quarta-feira o ministro da Sa\u00fade, Nelson Teich. Em entrevista coletiva, Teich afirmou que o modelo j\u00e1 possui uma matriz pronta e deve incluir todas as vari\u00e1veis poss\u00edveis, al\u00e9m &hellip;<\/p>\n","protected":false},"author":1,"featured_media":5687,"comment_status":"open","ping_status":"open","sticky":false,"template":"","format":"standard","meta":{"_jetpack_newsletter_access":"","_jetpack_dont_email_post_to_subs":false,"_jetpack_newsletter_tier_id":0,"_jetpack_memberships_contains_paywalled_content":false,"_jetpack_memberships_contains_paid_content":false,"footnotes":""},"categories":[1],"tags":[],"class_list":["post-5686","post","type-post","status-publish","format-standard","has-post-thumbnail","hentry","category-destaque"],"jetpack_sharing_enabled":true,"jetpack_featured_media_url":"","_links":{"self":[{"href":"https:\/\/www.oparanews.com.br\/index.php\/wp-json\/wp\/v2\/posts\/5686","targetHints":{"allow":["GET"]}}],"collection":[{"href":"https:\/\/www.oparanews.com.br\/index.php\/wp-json\/wp\/v2\/posts"}],"about":[{"href":"https:\/\/www.oparanews.com.br\/index.php\/wp-json\/wp\/v2\/types\/post"}],"author":[{"embeddable":true,"href":"https:\/\/www.oparanews.com.br\/index.php\/wp-json\/wp\/v2\/users\/1"}],"replies":[{"embeddable":true,"href":"https:\/\/www.oparanews.com.br\/index.php\/wp-json\/wp\/v2\/comments?post=5686"}],"version-history":[{"count":0,"href":"https:\/\/www.oparanews.com.br\/index.php\/wp-json\/wp\/v2\/posts\/5686\/revisions"}],"wp:attachment":[{"href":"https:\/\/www.oparanews.com.br\/index.php\/wp-json\/wp\/v2\/media?parent=5686"}],"wp:term":[{"taxonomy":"category","embeddable":true,"href":"https:\/\/www.oparanews.com.br\/index.php\/wp-json\/wp\/v2\/categories?post=5686"},{"taxonomy":"post_tag","embeddable":true,"href":"https:\/\/www.oparanews.com.br\/index.php\/wp-json\/wp\/v2\/tags?post=5686"}],"curies":[{"name":"wp","href":"https:\/\/api.w.org\/{rel}","templated":true}]}}