{"id":5695,"date":"2020-04-23T16:18:52","date_gmt":"2020-04-23T16:18:52","guid":{"rendered":"https:\/\/oparanews.com.br\/?p=5695"},"modified":"2020-04-23T16:18:52","modified_gmt":"2020-04-23T16:18:52","slug":"governo-anuncia-ajuda-de-custo-para-alimentacao-de-alunos-da-rede-estadual","status":"publish","type":"post","link":"https:\/\/www.oparanews.com.br\/index.php\/2020\/04\/23\/governo-anuncia-ajuda-de-custo-para-alimentacao-de-alunos-da-rede-estadual\/","title":{"rendered":"Governo anuncia ajuda de custo para alimenta\u00e7\u00e3o de alunos da rede estadual"},"content":{"rendered":"<p>O vice-governador e secret\u00e1rio de Estado de Alagoas, Luciano Barbosa, durante reuni\u00e3o online com Comiss\u00e3o da Educa\u00e7\u00e3o da Assembleia Legislativa, nesta quarta-feira (22), anunciou que os alunos da rede estadual de ensino receber\u00e3o uma ajuda de custo para alimenta\u00e7\u00e3o neste per\u00edodo em que as aulas presenciais estiverem suspensas.<\/p>\n<p>O aux\u00edlio dever\u00e1 vir na forma de dep\u00f3sito no valor de R$ 50 nas contas dos respons\u00e1veis legais pelos estudantes e seria viabilizada por meio de uma minuta de altera\u00e7\u00e3o de Lei que ser\u00e1 enviado nos pr\u00f3ximos dias para a Assembleia Legislativa de Alagoas (ALE). A minuta prop\u00f5e uma altera\u00e7\u00e3o na Lei 8.241 de janeiro de 2019, de autoria da deputada Cibele Moura, e que autoriza a oferta de merenda no per\u00edodo de f\u00e9rias\/recesso escolar.<\/p>\n<p>\u201cA lei j\u00e1 prev\u00ea que essa alimenta\u00e7\u00e3o seja garantida de tr\u00eas formas: dentro das escolas, com entrega de cestas b\u00e1sicas ou cart\u00e3o alimenta\u00e7\u00e3o. Nossa proposta \u00e9 acrescentar mais uma op\u00e7\u00e3o: por meio de dep\u00f3sito nas contas banc\u00e1rias dos respons\u00e1veis legais pelos estudantes\u201d, adiantou Luciano Barbosa.<\/p>\n<p>Segundo o secret\u00e1rio, a medida vai atender os 170 mil estudantes regularmente matriculados na rede estadual com recursos do Governo de Alagoas. \u201cA partir de um levantamento feito pela Caixa Econ\u00f4mica Federal e a Secretaria de Estado do Planejamento, j\u00e1 temos 140 mil estudantes cujo CPF do respons\u00e1vel foi cadastrado no ato da matr\u00edcula e, destes, 70 mil j\u00e1 possuem conta na Caixa, o que facilita esse repasse. Nosso foco ser\u00e1 buscar meios para que estes outros 30 mil sem CPF cadastrado tamb\u00e9m recebam\u201d, explanou.<\/p>\n<p>Aprendizagem garantida \u2013 Na ocasi\u00e3o, Barbosa fez quest\u00e3o de explicar que o Regime Especial de Atividades Escolares N\u00e3o Presenciais (REAENP) estabelecido no \u00faltimo dia 07 de abril para as escolas estaduais n\u00e3o \u00e9 uma substitui\u00e7\u00e3o do formato tradicional pelo de Educa\u00e7\u00e3o \u00e0 Dist\u00e2ncia (EAD), mas um per\u00edodo de atividades remotas onde as escolas promover\u00e3o a\u00e7\u00f5es mitigadoras para manter o ritmo de aprendizagem dos alunos.<\/p>\n<p>\u201cA ideia \u00e9 n\u00e3o perder o contato com o estudante, mantendo-o motivado com atividades que garantam seus direitos de aprendizagem. Se estas atividades n\u00e3o puderem ser feitas por ferramentas eletr\u00f4nicas e redes sociais, a escola pode disponibilizar um material impresso para ser entregue aos respons\u00e1veis legais ou direto na casa dos alunos. Vale ressaltar que o engajamento dos professores e dos alunos t\u00eam sido fant\u00e1stico neste momento, eles est\u00e3o buscando as mais diversas estrat\u00e9gias para interagirem\u201d, informou.<\/p>\n<p>Por fim, Luciano avisou que, quando as aulas voltarem \u00e0 normalidade, ser\u00e1 realizado um diagn\u00f3stico com os alunos para verificar se os objetivos de aprendizagem foram alcan\u00e7ados e quais as dificuldades enfrentadas por alunos e professores. \u201cA partir desse levantamento, vamos construir estrat\u00e9gias para minimizar essas dificuldades\u201d, finalizou.<\/p>\n<p>A reuni\u00e3o online contou com a participa\u00e7\u00e3o dos deputados Marcelo Beltr\u00e3o, presidente da comiss\u00e3o da educa\u00e7\u00e3o, Davi Maia, J\u00f3 Pereira, Cibele Moura, Ricardo Nezinho, al\u00e9m da secret\u00e1ria-executiva da Seduc, Laura Souza e gerentes regionais da educa\u00e7\u00e3o.<\/p>\n<p>&nbsp;<\/p>\n<p><strong>Fonte: Ag\u00eancia Alagoas<\/strong><\/p>\n<p>&nbsp;<\/p>\n","protected":false},"excerpt":{"rendered":"<p>O vice-governador e secret\u00e1rio de Estado de Alagoas, Luciano Barbosa, durante reuni\u00e3o online com Comiss\u00e3o da Educa\u00e7\u00e3o da Assembleia Legislativa, nesta quarta-feira (22), anunciou que os alunos da rede estadual de ensino receber\u00e3o uma ajuda de custo para alimenta\u00e7\u00e3o neste per\u00edodo em que as aulas presenciais estiverem suspensas. O aux\u00edlio dever\u00e1 vir na forma de &hellip;<\/p>\n","protected":false},"author":1,"featured_media":5696,"comment_status":"open","ping_status":"open","sticky":false,"template":"","format":"standard","meta":{"_jetpack_newsletter_access":"","_jetpack_dont_email_post_to_subs":false,"_jetpack_newsletter_tier_id":0,"_jetpack_memberships_contains_paywalled_content":false,"_jetpack_memberships_contains_paid_content":false,"footnotes":""},"categories":[1],"tags":[],"class_list":["post-5695","post","type-post","status-publish","format-standard","has-post-thumbnail","hentry","category-destaque"],"jetpack_sharing_enabled":true,"jetpack_featured_media_url":"","_links":{"self":[{"href":"https:\/\/www.oparanews.com.br\/index.php\/wp-json\/wp\/v2\/posts\/5695","targetHints":{"allow":["GET"]}}],"collection":[{"href":"https:\/\/www.oparanews.com.br\/index.php\/wp-json\/wp\/v2\/posts"}],"about":[{"href":"https:\/\/www.oparanews.com.br\/index.php\/wp-json\/wp\/v2\/types\/post"}],"author":[{"embeddable":true,"href":"https:\/\/www.oparanews.com.br\/index.php\/wp-json\/wp\/v2\/users\/1"}],"replies":[{"embeddable":true,"href":"https:\/\/www.oparanews.com.br\/index.php\/wp-json\/wp\/v2\/comments?post=5695"}],"version-history":[{"count":0,"href":"https:\/\/www.oparanews.com.br\/index.php\/wp-json\/wp\/v2\/posts\/5695\/revisions"}],"wp:attachment":[{"href":"https:\/\/www.oparanews.com.br\/index.php\/wp-json\/wp\/v2\/media?parent=5695"}],"wp:term":[{"taxonomy":"category","embeddable":true,"href":"https:\/\/www.oparanews.com.br\/index.php\/wp-json\/wp\/v2\/categories?post=5695"},{"taxonomy":"post_tag","embeddable":true,"href":"https:\/\/www.oparanews.com.br\/index.php\/wp-json\/wp\/v2\/tags?post=5695"}],"curies":[{"name":"wp","href":"https:\/\/api.w.org\/{rel}","templated":true}]}}