{"id":5699,"date":"2020-04-24T01:28:14","date_gmt":"2020-04-24T01:28:14","guid":{"rendered":"https:\/\/oparanews.com.br\/?p=5699"},"modified":"2020-04-24T01:28:14","modified_gmt":"2020-04-24T01:28:14","slug":"moro-ameaca-deixar-o-governo-em-caso-de-troca-na-pf","status":"publish","type":"post","link":"https:\/\/www.oparanews.com.br\/index.php\/2020\/04\/24\/moro-ameaca-deixar-o-governo-em-caso-de-troca-na-pf\/","title":{"rendered":"Moro amea\u00e7a deixar o governo em caso de troca na PF"},"content":{"rendered":"<p>O ministro da Justi\u00e7a e Seguran\u00e7a P\u00fablica, Sergio Moro, amea\u00e7ou deixar o cargo ap\u00f3s o presidente Jair Bolsonaro comunicar que demitiria o diretor-geral da Pol\u00edcia Federal, Maur\u00edcio Valeixo, homem de confian\u00e7a do ex-juiz da Lava Jato. Valeixo est\u00e1 na mira do Pal\u00e1cio do Planalto por conta de investiga\u00e7\u00f5es envolvendo alguns nomes do governo, incluindo Flavio Bolsonaro, filho mais velho do presidente.<\/p>\n<p>Anunciado por Bolsonaro como &#8220;superministro&#8221;, Moro, assim como Paulo Guedes na pasta da Economia, recebeu carta branca do presidente para comandar o Minist\u00e9rio, al\u00e9m da promessa de uma futura vaga no Supremo Tribunal Federal. No entanto, nos \u00faltimos meses, o ministro, que \u00e9 tido como \u00eddolo por grande parte do eleitorado bolsonarista, tem sido escanteado em detrimento da chamada &#8220;ala ideol\u00f3gica&#8221; do governo.<\/p>\n<p>Ao saber da poss\u00edvel demiss\u00e3o de Valeixo, Moro amea\u00e7ou deixar o minist\u00e9rio. Bolsonaro recuou e agora tenta contornar a situa\u00e7\u00e3o. O ministro da Justi\u00e7a \u00e9 a figura mais popular do governo, segundo as pesquisas de opini\u00e3o. Ele tamb\u00e9m \u00e9 visto por interlocutores do governo como um forte poss\u00edvel advers\u00e1rio nas pr\u00f3ximas elei\u00e7\u00f5es, caso rompa com Bolsonaro.<\/p>\n<p><strong>Valeixo tamb\u00e9m pensa em pedir demiss\u00e3o<\/strong><\/p>\n<p>Valeixo comunicou nesta quinta-feira (23) a todos os superintendentes regionais da corpora\u00e7\u00e3o nos Estados, que est\u00e1 cansado e que j\u00e1 conversou com o ministro Sergio Moro (Justi\u00e7a e Seguran\u00e7a P\u00fablica) sobre seu desejo de sair do comando. Ele disse a seus pares que o motivo de sua sa\u00edda n\u00e3o tem rela\u00e7\u00e3o com qualquer inqu\u00e9rito que eventualmente possa incomodar o presidente Jair Bolsonaro. Moro j\u00e1 conversou com o presidente Jair Bolsonaro e o sucessor de Valeixo est\u00e1 sendo escolhido.<\/p>\n<p>A conversa com Moro ocorreu no in\u00edcio do ano. Valeixo, amigo do ministro, demonstrou exaust\u00e3o, reportando-se a um 2019 tenso na dire\u00e7\u00e3o da corpora\u00e7\u00e3o.<\/p>\n<p>Nesta quinta 23 Valeixo reuniu-se com os 27 superintendente regionais nos Estados por videoconfer\u00eancia. Tamb\u00e9m participaram os delegados federais que ocupam diretorias estrat\u00e9gicas da PF.<\/p>\n<p>Valeixo descartou com veem\u00eancia que sua decis\u00e3o \u00e9 movida por press\u00f5es pol\u00edticas.<\/p>\n<p>&nbsp;<\/p>\n<p><strong>*Com informa\u00e7\u00f5es da Ag\u00eancia Estado<\/strong><\/p>\n<p>&nbsp;<\/p>\n","protected":false},"excerpt":{"rendered":"<p>O ministro da Justi\u00e7a e Seguran\u00e7a P\u00fablica, Sergio Moro, amea\u00e7ou deixar o cargo ap\u00f3s o presidente Jair Bolsonaro comunicar que demitiria o diretor-geral da Pol\u00edcia Federal, Maur\u00edcio Valeixo, homem de confian\u00e7a do ex-juiz da Lava Jato. Valeixo est\u00e1 na mira do Pal\u00e1cio do Planalto por conta de investiga\u00e7\u00f5es envolvendo alguns nomes do governo, incluindo Flavio &hellip;<\/p>\n","protected":false},"author":1,"featured_media":5700,"comment_status":"open","ping_status":"open","sticky":false,"template":"","format":"standard","meta":{"_jetpack_newsletter_access":"","_jetpack_dont_email_post_to_subs":false,"_jetpack_newsletter_tier_id":0,"_jetpack_memberships_contains_paywalled_content":false,"_jetpack_memberships_contains_paid_content":false,"footnotes":""},"categories":[1],"tags":[],"class_list":["post-5699","post","type-post","status-publish","format-standard","has-post-thumbnail","hentry","category-destaque"],"jetpack_sharing_enabled":true,"jetpack_featured_media_url":"","_links":{"self":[{"href":"https:\/\/www.oparanews.com.br\/index.php\/wp-json\/wp\/v2\/posts\/5699","targetHints":{"allow":["GET"]}}],"collection":[{"href":"https:\/\/www.oparanews.com.br\/index.php\/wp-json\/wp\/v2\/posts"}],"about":[{"href":"https:\/\/www.oparanews.com.br\/index.php\/wp-json\/wp\/v2\/types\/post"}],"author":[{"embeddable":true,"href":"https:\/\/www.oparanews.com.br\/index.php\/wp-json\/wp\/v2\/users\/1"}],"replies":[{"embeddable":true,"href":"https:\/\/www.oparanews.com.br\/index.php\/wp-json\/wp\/v2\/comments?post=5699"}],"version-history":[{"count":0,"href":"https:\/\/www.oparanews.com.br\/index.php\/wp-json\/wp\/v2\/posts\/5699\/revisions"}],"wp:attachment":[{"href":"https:\/\/www.oparanews.com.br\/index.php\/wp-json\/wp\/v2\/media?parent=5699"}],"wp:term":[{"taxonomy":"category","embeddable":true,"href":"https:\/\/www.oparanews.com.br\/index.php\/wp-json\/wp\/v2\/categories?post=5699"},{"taxonomy":"post_tag","embeddable":true,"href":"https:\/\/www.oparanews.com.br\/index.php\/wp-json\/wp\/v2\/tags?post=5699"}],"curies":[{"name":"wp","href":"https:\/\/api.w.org\/{rel}","templated":true}]}}