{"id":5702,"date":"2020-04-24T01:31:02","date_gmt":"2020-04-24T01:31:02","guid":{"rendered":"https:\/\/oparanews.com.br\/?p=5702"},"modified":"2020-04-24T01:31:02","modified_gmt":"2020-04-24T01:31:02","slug":"diretor-da-oms-nao-e-medico-diz-bolsonaro-em-live","status":"publish","type":"post","link":"https:\/\/www.oparanews.com.br\/index.php\/2020\/04\/24\/diretor-da-oms-nao-e-medico-diz-bolsonaro-em-live\/","title":{"rendered":"Diretor da OMS n\u00e3o \u00e9 m\u00e9dico, diz Bolsonaro em live"},"content":{"rendered":"<p>O presidente Jair Bolsonaro questionou nesta quinta-feira a necessidade de o Brasil seguir as orienta\u00e7\u00f5es da Organiza\u00e7\u00e3o Mundial da Sa\u00fade (OMS) sobre o distanciamento social para conter a dissemina\u00e7\u00e3o do coronav\u00edrus, e afirmou que o diretor-geral da ag\u00eancia n\u00e3o \u00e9 m\u00e9dico.<\/p>\n<p>&#8220;Eu estou respondendo a processo dentro e fora do Brasil, estou sendo acusado de genoc\u00eddio por ter defendido uma tese diferente da OMS. O pessoal fala tanto de seguir OMS&#8230; o diretor-presidente da OMS \u00e9 medico? N\u00e3o \u00e9 m\u00e9dico&#8221;, disse Bolsonaro em transmiss\u00e3o de v\u00eddeo ao vivo no Facebook ao lado do presidente da Caixa, Pedro Guimar\u00e3es.<\/p>\n<p>&#8220;Mesma coisa que falar aqui no Brasil que o presidente da Caixa n\u00e3o fosse algu\u00e9m da economia. N\u00e3o tem cabimento. Se eu fosse presidente da Caixa, n\u00e3o iria fazer nada&#8221;, acrescentou.<\/p>\n<p>Tedros Adhanom Ghebreyesus, diretor-geral da OMS desde 2017, tem doutorado em sa\u00fade comunit\u00e1ria pela Universidade de Nottingham e mestrado em imunologia das doen\u00e7as infecciosas pela Universidade de Londres, sendo reconhecido como especialista em sa\u00fade, pesquisador e diplomata, com experi\u00eancia em pesquisas, atividades e lideran\u00e7a de respostas de emerg\u00eancia a epidemias, segundo curr\u00edculo divulgado no site da ag\u00eancia.<\/p>\n<p>Bolsonaro discorda da orienta\u00e7\u00e3o da OMS pelo isolamento social das pessoas como melhor forma de conter o v\u00edrus. Segundo ele, os impactos econ\u00f4micos da paralisa\u00e7\u00e3o provocada pelo isolamento s\u00e3o piores do que a pr\u00f3pria doen\u00e7a.<\/p>\n<p>&#8220;Se a nossa renda vai cair, a morte chega mais cedo e isso que sempre busquei levar ao conhecimento p\u00fablico&#8221;, disse Bolsonaro. &#8220;Eu n\u00e3o podia fugir da verdade.&#8221;<\/p>\n<p>&nbsp;<\/p>\n<p><strong>Fonte: Terra<\/strong><\/p>\n<p>&nbsp;<\/p>\n","protected":false},"excerpt":{"rendered":"<p>O presidente Jair Bolsonaro questionou nesta quinta-feira a necessidade de o Brasil seguir as orienta\u00e7\u00f5es da Organiza\u00e7\u00e3o Mundial da Sa\u00fade (OMS) sobre o distanciamento social para conter a dissemina\u00e7\u00e3o do coronav\u00edrus, e afirmou que o diretor-geral da ag\u00eancia n\u00e3o \u00e9 m\u00e9dico. &#8220;Eu estou respondendo a processo dentro e fora do Brasil, estou sendo acusado de &hellip;<\/p>\n","protected":false},"author":1,"featured_media":5703,"comment_status":"open","ping_status":"open","sticky":false,"template":"","format":"standard","meta":{"_jetpack_newsletter_access":"","_jetpack_dont_email_post_to_subs":false,"_jetpack_newsletter_tier_id":0,"_jetpack_memberships_contains_paywalled_content":false,"_jetpack_memberships_contains_paid_content":false,"footnotes":""},"categories":[1],"tags":[],"class_list":["post-5702","post","type-post","status-publish","format-standard","has-post-thumbnail","hentry","category-destaque"],"jetpack_sharing_enabled":true,"jetpack_featured_media_url":"","_links":{"self":[{"href":"https:\/\/www.oparanews.com.br\/index.php\/wp-json\/wp\/v2\/posts\/5702","targetHints":{"allow":["GET"]}}],"collection":[{"href":"https:\/\/www.oparanews.com.br\/index.php\/wp-json\/wp\/v2\/posts"}],"about":[{"href":"https:\/\/www.oparanews.com.br\/index.php\/wp-json\/wp\/v2\/types\/post"}],"author":[{"embeddable":true,"href":"https:\/\/www.oparanews.com.br\/index.php\/wp-json\/wp\/v2\/users\/1"}],"replies":[{"embeddable":true,"href":"https:\/\/www.oparanews.com.br\/index.php\/wp-json\/wp\/v2\/comments?post=5702"}],"version-history":[{"count":0,"href":"https:\/\/www.oparanews.com.br\/index.php\/wp-json\/wp\/v2\/posts\/5702\/revisions"}],"wp:attachment":[{"href":"https:\/\/www.oparanews.com.br\/index.php\/wp-json\/wp\/v2\/media?parent=5702"}],"wp:term":[{"taxonomy":"category","embeddable":true,"href":"https:\/\/www.oparanews.com.br\/index.php\/wp-json\/wp\/v2\/categories?post=5702"},{"taxonomy":"post_tag","embeddable":true,"href":"https:\/\/www.oparanews.com.br\/index.php\/wp-json\/wp\/v2\/tags?post=5702"}],"curies":[{"name":"wp","href":"https:\/\/api.w.org\/{rel}","templated":true}]}}