{"id":5720,"date":"2020-04-24T16:30:53","date_gmt":"2020-04-24T16:30:53","guid":{"rendered":"https:\/\/oparanews.com.br\/?p=5720"},"modified":"2020-04-24T16:30:53","modified_gmt":"2020-04-24T16:30:53","slug":"estudantes-da-semed-penedo-recebem-material-para-estudar-em-casa","status":"publish","type":"post","link":"https:\/\/www.oparanews.com.br\/index.php\/2020\/04\/24\/estudantes-da-semed-penedo-recebem-material-para-estudar-em-casa\/","title":{"rendered":"Estudantes da Semed Penedo recebem material para estudar em casa"},"content":{"rendered":"<p>A pandemia do coronav\u00edrus (Covid-19) justifica a suspens\u00e3o do ano letivo para evitar maior dissemina\u00e7\u00e3o da doen\u00e7a. Sem aulas e orientados a respeitar o necess\u00e1rio isolamento social, estudantes passam seu tempo em casa, rotina que a partir desta sexta-feira, 24, ganha atividades com material distribu\u00eddo para alunos e alunas da Semed Penedo.<\/p>\n<p>De acordo com calend\u00e1rio elaborado pela Secretaria Municipal de Educa\u00e7\u00e3o, os pequeninos dos Ensino Infantil s\u00e3o os primeiros beneficiados com a iniciativa pedag\u00f3gica. Cabe aos pais ou respons\u00e1veis ir at\u00e9 a creche-escola onde a crian\u00e7a est\u00e1 matriculada para pegar as atividades de pintura, colagem e quebra-cabe\u00e7a, as primeiras de uma s\u00e9rie montada pela Semed.<\/p>\n<p><strong>Atendimento<\/strong><\/p>\n<p>O atendimento aberto amanh\u00e3 (sexta, 24) ocorre nos dois turnos de cada creche, a partir das 8 horas e 14 horas, com intervalo para almo\u00e7o ao meio-dia. A Secret\u00e1ria C\u00edntya Alves ressalta que o material estar\u00e1 dispon\u00edvel na unidade de ensino.<\/p>\n<p>\u201cN\u00e3o precisa que todo mundo se desloque at\u00e9 a creche somente amanh\u00e3, tem a semana toda para pegar o material e assim evitar aglomera\u00e7\u00f5es\u201d, explica a gestora da Semed Penedo.<\/p>\n<p>C\u00edntya Alves agradece e parabeniza o comprometimento do corpo docente que criou ferramentas com objetivo de manter os alunos ocupados com tarefas educativas, principalmente repassando conte\u00fado por meio do aplicativo Whatsapp.<\/p>\n<p>\u201cComo nem todo aluno ou sua fam\u00edlia disp\u00f5e de telefone celular ou internet, parte dos estudantes ficava sem receber o material e a nossa obriga\u00e7\u00e3o \u00e9 atender 100% do alunado. Por isso, nossa equipa t\u00e9cnica e pedag\u00f3gica preparou o material que estamos repassando\u201d, informou a Secret\u00e1ria Municipal de Educa\u00e7\u00e3o.<\/p>\n<p><strong>Ensino Fudamental I e II<\/strong><\/p>\n<p>Na pr\u00f3xima quarta-feira, 29, a Semed Penedo divulgar\u00e1 o cronograma de distribui\u00e7\u00e3o de material pedag\u00f3gico para estudantes do Ensino Fundamental I e II e da EJA (Educa\u00e7\u00e3o para Jovens e Adultos).<\/p>\n<p>O foco \u00e9 refor\u00e7ar assuntos j\u00e1 passados aos estudantes, aprimorando o conhecimento adquirido, porque a Lei de Diretrizes e Base (LDB) tamb\u00e9m n\u00e3o permite o repasse de novos conte\u00fados, aos estudantes, sem a presen\u00e7a do professor, em sala de aula.<\/p>\n<p>Toda a programa\u00e7\u00e3o ser\u00e1 publicada nas redes sociais da Prefeitura de Penedo e no portal eletr\u00f4nico oficial do munic\u00edpio.<\/p>\n<p>&nbsp;<\/p>\n<p><strong>por Fernando Vin\u00edcius \u2013 Decom PMP<\/strong><\/p>\n<p>&nbsp;<\/p>\n","protected":false},"excerpt":{"rendered":"<p>A pandemia do coronav\u00edrus (Covid-19) justifica a suspens\u00e3o do ano letivo para evitar maior dissemina\u00e7\u00e3o da doen\u00e7a. Sem aulas e orientados a respeitar o necess\u00e1rio isolamento social, estudantes passam seu tempo em casa, rotina que a partir desta sexta-feira, 24, ganha atividades com material distribu\u00eddo para alunos e alunas da Semed Penedo. De acordo com &hellip;<\/p>\n","protected":false},"author":1,"featured_media":5721,"comment_status":"open","ping_status":"open","sticky":false,"template":"","format":"standard","meta":{"_jetpack_newsletter_access":"","_jetpack_dont_email_post_to_subs":false,"_jetpack_newsletter_tier_id":0,"_jetpack_memberships_contains_paywalled_content":false,"_jetpack_memberships_contains_paid_content":false,"footnotes":""},"categories":[1],"tags":[],"class_list":["post-5720","post","type-post","status-publish","format-standard","has-post-thumbnail","hentry","category-destaque"],"jetpack_sharing_enabled":true,"jetpack_featured_media_url":"","_links":{"self":[{"href":"https:\/\/www.oparanews.com.br\/index.php\/wp-json\/wp\/v2\/posts\/5720","targetHints":{"allow":["GET"]}}],"collection":[{"href":"https:\/\/www.oparanews.com.br\/index.php\/wp-json\/wp\/v2\/posts"}],"about":[{"href":"https:\/\/www.oparanews.com.br\/index.php\/wp-json\/wp\/v2\/types\/post"}],"author":[{"embeddable":true,"href":"https:\/\/www.oparanews.com.br\/index.php\/wp-json\/wp\/v2\/users\/1"}],"replies":[{"embeddable":true,"href":"https:\/\/www.oparanews.com.br\/index.php\/wp-json\/wp\/v2\/comments?post=5720"}],"version-history":[{"count":0,"href":"https:\/\/www.oparanews.com.br\/index.php\/wp-json\/wp\/v2\/posts\/5720\/revisions"}],"wp:attachment":[{"href":"https:\/\/www.oparanews.com.br\/index.php\/wp-json\/wp\/v2\/media?parent=5720"}],"wp:term":[{"taxonomy":"category","embeddable":true,"href":"https:\/\/www.oparanews.com.br\/index.php\/wp-json\/wp\/v2\/categories?post=5720"},{"taxonomy":"post_tag","embeddable":true,"href":"https:\/\/www.oparanews.com.br\/index.php\/wp-json\/wp\/v2\/tags?post=5720"}],"curies":[{"name":"wp","href":"https:\/\/api.w.org\/{rel}","templated":true}]}}