{"id":5726,"date":"2020-04-24T16:43:24","date_gmt":"2020-04-24T16:43:24","guid":{"rendered":"https:\/\/oparanews.com.br\/?p=5726"},"modified":"2020-04-24T16:43:24","modified_gmt":"2020-04-24T16:43:24","slug":"maciel-oliveira-fala-sobre-as-barreiras-sanitarias-e-os-dois-casos-suspeitos-de-covid-19-em-penedo","status":"publish","type":"post","link":"https:\/\/www.oparanews.com.br\/index.php\/2020\/04\/24\/maciel-oliveira-fala-sobre-as-barreiras-sanitarias-e-os-dois-casos-suspeitos-de-covid-19-em-penedo\/","title":{"rendered":"Maciel Oliveira fala sobre as barreiras sanit\u00e1rias e os dois casos suspeitos de Covid-19 em Penedo"},"content":{"rendered":"<p>Em entrevista ao Programa Grande Rio Esporte\/Sa\u00fade nesta quinta-feira, 24, o Coordenador de Sa\u00fade Especializada da Secretaria Municipal de Sa\u00fade de Penedo, Maciel Oliveira, falou sobre: as barreiras sanit\u00e1rias, os dois casos suspeitos de Coronav\u00edrus e as aglomera\u00e7\u00f5es de pessoas nas ag\u00eancias banc\u00e1rias.<\/p>\n<p>Referente aos dois casos suspeitos de Covid-19 em Penedo, Maciel destacou que os exames j\u00e1 foram feitos e est\u00e1 aguardando o resultado. As duas pessoas est\u00e3o em isolamento domiciliar sendo acompanhadas por equipes da Secretaria Municipal de Sa\u00fade.<\/p>\n<p>Maciel tamb\u00e9m falou sobre a contraprova do exame feito em um paciente de Penedo que veio a \u00f3bito h\u00e1 duas semanas no hospital em Coruripe. Segundo ele, o resultado da contraprova deu negativo.<\/p>\n<p>Confira abaixo a entrevista completa.<\/p>\n<audio class=\"wp-audio-shortcode\" id=\"audio-5726-1\" preload=\"none\" style=\"width: 100%;\" controls=\"controls\"><source type=\"audio\/mpeg\" src=\"https:\/\/oparanews.com.br\/wp-content\/uploads\/2020\/04\/AUDIO-OFICIAL-MACIEL-COVID-PENEDO.mp3?_=1\" \/><a href=\"https:\/\/oparanews.com.br\/wp-content\/uploads\/2020\/04\/AUDIO-OFICIAL-MACIEL-COVID-PENEDO.mp3\">https:\/\/oparanews.com.br\/wp-content\/uploads\/2020\/04\/AUDIO-OFICIAL-MACIEL-COVID-PENEDO.mp3<\/a><\/audio>\n<p><strong>por Reda\u00e7\u00e3o<\/strong><\/p>\n<p>&nbsp;<\/p>\n","protected":false},"excerpt":{"rendered":"<p>Em entrevista ao Programa Grande Rio Esporte\/Sa\u00fade nesta quinta-feira, 24, o Coordenador de Sa\u00fade Especializada da Secretaria Municipal de Sa\u00fade de Penedo, Maciel Oliveira, falou sobre: as barreiras sanit\u00e1rias, os dois casos suspeitos de Coronav\u00edrus e as aglomera\u00e7\u00f5es de pessoas nas ag\u00eancias banc\u00e1rias. Referente aos dois casos suspeitos de Covid-19 em Penedo, Maciel destacou que &hellip;<\/p>\n","protected":false},"author":1,"featured_media":5728,"comment_status":"open","ping_status":"open","sticky":false,"template":"","format":"standard","meta":{"_jetpack_newsletter_access":"","_jetpack_dont_email_post_to_subs":false,"_jetpack_newsletter_tier_id":0,"_jetpack_memberships_contains_paywalled_content":false,"_jetpack_memberships_contains_paid_content":false,"footnotes":""},"categories":[1],"tags":[],"class_list":["post-5726","post","type-post","status-publish","format-standard","has-post-thumbnail","hentry","category-destaque"],"jetpack_sharing_enabled":true,"jetpack_featured_media_url":"","_links":{"self":[{"href":"https:\/\/www.oparanews.com.br\/index.php\/wp-json\/wp\/v2\/posts\/5726","targetHints":{"allow":["GET"]}}],"collection":[{"href":"https:\/\/www.oparanews.com.br\/index.php\/wp-json\/wp\/v2\/posts"}],"about":[{"href":"https:\/\/www.oparanews.com.br\/index.php\/wp-json\/wp\/v2\/types\/post"}],"author":[{"embeddable":true,"href":"https:\/\/www.oparanews.com.br\/index.php\/wp-json\/wp\/v2\/users\/1"}],"replies":[{"embeddable":true,"href":"https:\/\/www.oparanews.com.br\/index.php\/wp-json\/wp\/v2\/comments?post=5726"}],"version-history":[{"count":0,"href":"https:\/\/www.oparanews.com.br\/index.php\/wp-json\/wp\/v2\/posts\/5726\/revisions"}],"wp:attachment":[{"href":"https:\/\/www.oparanews.com.br\/index.php\/wp-json\/wp\/v2\/media?parent=5726"}],"wp:term":[{"taxonomy":"category","embeddable":true,"href":"https:\/\/www.oparanews.com.br\/index.php\/wp-json\/wp\/v2\/categories?post=5726"},{"taxonomy":"post_tag","embeddable":true,"href":"https:\/\/www.oparanews.com.br\/index.php\/wp-json\/wp\/v2\/tags?post=5726"}],"curies":[{"name":"wp","href":"https:\/\/api.w.org\/{rel}","templated":true}]}}