{"id":5739,"date":"2020-04-25T02:07:21","date_gmt":"2020-04-25T02:07:21","guid":{"rendered":"https:\/\/oparanews.com.br\/?p=5739"},"modified":"2020-04-25T02:07:21","modified_gmt":"2020-04-25T02:07:21","slug":"decreto-municipal-prorroga-medidas-em-combate-ao-covid-19","status":"publish","type":"post","link":"https:\/\/www.oparanews.com.br\/index.php\/2020\/04\/25\/decreto-municipal-prorroga-medidas-em-combate-ao-covid-19\/","title":{"rendered":"Decreto municipal prorroga medidas em combate ao Covid-19"},"content":{"rendered":"<p>Em virtude da continua\u00e7\u00e3o da pandemia do Corona V\u00edrus em n\u00edvel mundial e tamb\u00e9m em todo o Brasil, a Prefeitura de Penedo publicou no Di\u00e1rio Oficial do Municipal o Decreto municipal N\u00ba 673 que disp\u00f5e sobre a prorroga\u00e7\u00e3o das medidas para o enfrentamento da Emerg\u00eancia de Sa\u00fade P\u00fablica decorrente do COVID \u2013 19 .<\/p>\n<p>As medidas tempor\u00e1rias em combate a pandemia mundial foram prorrogadas at\u00e9 o pr\u00f3ximo dia 05 de maio<\/p>\n<p>O referido decreto considera a necessidade de alinhamento das medidas tomadas pelos entes federativos no combate ao covid-19, prosseguindo assim com as medidas necess\u00e1rias para o devido isolamento social, adotada em todo pa\u00eds para minimizar a propaga\u00e7\u00e3o da doen\u00e7a.<\/p>\n<p>Com isso o referido decreto prorroga os efeitos das determina\u00e7\u00f5es anteriores que restringem as atividades comerciais no atual momento, continuando proibidos o funcionamento de diversos tipos de estabelecimentos comerciais a exemplo de bares, restaurantes, lanchonetes e estabelecimentos cong\u00eaneres, eventos e exposi\u00e7\u00f5es, assim como o transporte coletivo municipal e o transporte intermunicipal rodovi\u00e1rio.<\/p>\n<p>Por\u00e9m com o novo decreto municipal, em conson\u00e2ncia com a renova\u00e7\u00e3o das medidas em \u00e2mbito estadual, ficaram liberados da proibi\u00e7\u00e3o papelarias, livrarias, bancas de revista, lojas de material de limpeza, concession\u00e1rias de ve\u00edculos, al\u00e9m de lojas de aviamentos e tecidos, farm\u00e1cias entre outros representando uma reabertura gradativa e segura da atividade comercial.<\/p>\n<p>Esses estabelecimentos dever\u00e3o adotar medidas preventivas para evitar cont\u00e1gio entre seus funcion\u00e1rios e evitar aglomera\u00e7\u00e3o de clientes, entre esses a ado\u00e7\u00e3o da distancia m\u00ednima entre clientes e o uso de m\u00e1scaras.<\/p>\n<p>O novo decreto municipal pode ser acessado pelo seguinte <a href=\"http:\/\/penedo.al.io.org.br\/diarioOficial\/download\/11064\/1352\/0\"><strong>link<\/strong><\/a>.<\/p>\n<p>&nbsp;<\/p>\n<p><strong>por Thiago Sobral &#8211; Decom\/PMP<\/strong><\/p>\n<p>&nbsp;<\/p>\n","protected":false},"excerpt":{"rendered":"<p>Em virtude da continua\u00e7\u00e3o da pandemia do Corona V\u00edrus em n\u00edvel mundial e tamb\u00e9m em todo o Brasil, a Prefeitura de Penedo publicou no Di\u00e1rio Oficial do Municipal o Decreto municipal N\u00ba 673 que disp\u00f5e sobre a prorroga\u00e7\u00e3o das medidas para o enfrentamento da Emerg\u00eancia de Sa\u00fade P\u00fablica decorrente do COVID \u2013 19 . As &hellip;<\/p>\n","protected":false},"author":1,"featured_media":5740,"comment_status":"open","ping_status":"open","sticky":false,"template":"","format":"standard","meta":{"_jetpack_newsletter_access":"","_jetpack_dont_email_post_to_subs":false,"_jetpack_newsletter_tier_id":0,"_jetpack_memberships_contains_paywalled_content":false,"_jetpack_memberships_contains_paid_content":false,"footnotes":""},"categories":[1],"tags":[],"class_list":["post-5739","post","type-post","status-publish","format-standard","has-post-thumbnail","hentry","category-destaque"],"jetpack_sharing_enabled":true,"jetpack_featured_media_url":"","_links":{"self":[{"href":"https:\/\/www.oparanews.com.br\/index.php\/wp-json\/wp\/v2\/posts\/5739","targetHints":{"allow":["GET"]}}],"collection":[{"href":"https:\/\/www.oparanews.com.br\/index.php\/wp-json\/wp\/v2\/posts"}],"about":[{"href":"https:\/\/www.oparanews.com.br\/index.php\/wp-json\/wp\/v2\/types\/post"}],"author":[{"embeddable":true,"href":"https:\/\/www.oparanews.com.br\/index.php\/wp-json\/wp\/v2\/users\/1"}],"replies":[{"embeddable":true,"href":"https:\/\/www.oparanews.com.br\/index.php\/wp-json\/wp\/v2\/comments?post=5739"}],"version-history":[{"count":0,"href":"https:\/\/www.oparanews.com.br\/index.php\/wp-json\/wp\/v2\/posts\/5739\/revisions"}],"wp:attachment":[{"href":"https:\/\/www.oparanews.com.br\/index.php\/wp-json\/wp\/v2\/media?parent=5739"}],"wp:term":[{"taxonomy":"category","embeddable":true,"href":"https:\/\/www.oparanews.com.br\/index.php\/wp-json\/wp\/v2\/categories?post=5739"},{"taxonomy":"post_tag","embeddable":true,"href":"https:\/\/www.oparanews.com.br\/index.php\/wp-json\/wp\/v2\/tags?post=5739"}],"curies":[{"name":"wp","href":"https:\/\/api.w.org\/{rel}","templated":true}]}}