{"id":5749,"date":"2020-04-26T00:15:42","date_gmt":"2020-04-26T00:15:42","guid":{"rendered":"https:\/\/oparanews.com.br\/?p=5749"},"modified":"2020-04-26T00:15:42","modified_gmt":"2020-04-26T00:15:42","slug":"brasil-registra-recorde-de-5-514-novos-infectados-em-um-dia","status":"publish","type":"post","link":"https:\/\/www.oparanews.com.br\/index.php\/2020\/04\/26\/brasil-registra-recorde-de-5-514-novos-infectados-em-um-dia\/","title":{"rendered":"Brasil registra recorde de 5.514 novos infectados em um dia"},"content":{"rendered":"<p>O Brasil bateu um novo recorde de novos casos de coronav\u00edrus, com 5.514 registros nas \u00faltimas 24 horas, e 346 novos \u00f3bitos, alcan\u00e7ando 4.016 mortes causadas pela doen\u00e7a, de acordo com os dados divulgados pelo Minist\u00e9rio da Sa\u00fade neste s\u00e1bado.<\/p>\n<p>O maior n\u00famero de casos registrados em um dia \u00e9 o maior desde o in\u00edcio da epidemia no pa\u00eds, levando o total de casos a 58.509. O recordo anterior havia sido atingido na \u00faltima quarta-feira, com 3.735 em 24 horas.<\/p>\n<p>S\u00e3o Paulo ainda concentra mais de um ter\u00e7o dos casos do pa\u00eds. O estado alcan\u00e7ou a marca de 20.004 registros, com 1.667 mortes, 155 nas \u00faltimas 24 horas<\/p>\n<p>Rio de Janeiro, com 6.828 casos e 615 mortes, Cear\u00e1, com 5.412 casos e 310 mortes, e Pernambuco, com 4.507 registros e 381 mortes, vem em seguida.<\/p>\n<p>Cear\u00e1 e Pernambuco j\u00e1 tem seus sistemas de sa\u00fade pr\u00f3ximos do colapso com quase 100% dos leitos de UTI ocupados. O Rio de Janeiro est\u00e1 com 94% de ocupa\u00e7\u00e3o e j\u00e1 registra filas por vagas de UTI, de acordo com dados da Secretaria de Sa\u00fade.<\/p>\n<p>O Amazonas, cuja sa\u00fade j\u00e1 n\u00e3o tem mais vagas em hospitais, est\u00e1 em 5o lugar no n\u00famero de casos, 3.635, e teve 287 mortes por coronav\u00edrus confirmadas.<\/p>\n<p>Desde a \u00faltima quarta-feira, quando bateu o recorde de \u00f3bitos registrados em 24 horas, 407, o pa\u00eds se mant\u00e9m com registros di\u00e1rios de \u00f3bitos acima de 300.<\/p>\n<p>&nbsp;<\/p>\n<p><strong>Fonte: Terra<\/strong><\/p>\n<p>&nbsp;<\/p>\n","protected":false},"excerpt":{"rendered":"<p>O Brasil bateu um novo recorde de novos casos de coronav\u00edrus, com 5.514 registros nas \u00faltimas 24 horas, e 346 novos \u00f3bitos, alcan\u00e7ando 4.016 mortes causadas pela doen\u00e7a, de acordo com os dados divulgados pelo Minist\u00e9rio da Sa\u00fade neste s\u00e1bado. O maior n\u00famero de casos registrados em um dia \u00e9 o maior desde o in\u00edcio &hellip;<\/p>\n","protected":false},"author":1,"featured_media":5750,"comment_status":"open","ping_status":"open","sticky":false,"template":"","format":"standard","meta":{"_jetpack_newsletter_access":"","_jetpack_dont_email_post_to_subs":false,"_jetpack_newsletter_tier_id":0,"_jetpack_memberships_contains_paywalled_content":false,"_jetpack_memberships_contains_paid_content":false,"footnotes":""},"categories":[1],"tags":[],"class_list":["post-5749","post","type-post","status-publish","format-standard","has-post-thumbnail","hentry","category-destaque"],"jetpack_sharing_enabled":true,"jetpack_featured_media_url":"","_links":{"self":[{"href":"https:\/\/www.oparanews.com.br\/index.php\/wp-json\/wp\/v2\/posts\/5749","targetHints":{"allow":["GET"]}}],"collection":[{"href":"https:\/\/www.oparanews.com.br\/index.php\/wp-json\/wp\/v2\/posts"}],"about":[{"href":"https:\/\/www.oparanews.com.br\/index.php\/wp-json\/wp\/v2\/types\/post"}],"author":[{"embeddable":true,"href":"https:\/\/www.oparanews.com.br\/index.php\/wp-json\/wp\/v2\/users\/1"}],"replies":[{"embeddable":true,"href":"https:\/\/www.oparanews.com.br\/index.php\/wp-json\/wp\/v2\/comments?post=5749"}],"version-history":[{"count":0,"href":"https:\/\/www.oparanews.com.br\/index.php\/wp-json\/wp\/v2\/posts\/5749\/revisions"}],"wp:attachment":[{"href":"https:\/\/www.oparanews.com.br\/index.php\/wp-json\/wp\/v2\/media?parent=5749"}],"wp:term":[{"taxonomy":"category","embeddable":true,"href":"https:\/\/www.oparanews.com.br\/index.php\/wp-json\/wp\/v2\/categories?post=5749"},{"taxonomy":"post_tag","embeddable":true,"href":"https:\/\/www.oparanews.com.br\/index.php\/wp-json\/wp\/v2\/tags?post=5749"}],"curies":[{"name":"wp","href":"https:\/\/api.w.org\/{rel}","templated":true}]}}