{"id":5755,"date":"2020-04-26T00:26:25","date_gmt":"2020-04-26T00:26:25","guid":{"rendered":"https:\/\/oparanews.com.br\/?p=5755"},"modified":"2020-04-26T00:26:25","modified_gmt":"2020-04-26T00:26:25","slug":"pf-identifica-carlos-bolsonaro-como-coordenador-de-fake-news-contra","status":"publish","type":"post","link":"https:\/\/www.oparanews.com.br\/index.php\/2020\/04\/26\/pf-identifica-carlos-bolsonaro-como-coordenador-de-fake-news-contra\/","title":{"rendered":"PF identifica Carlos Bolsonaro como coordenador de fake news Contra"},"content":{"rendered":"<p>Como hav\u00edamos adiantado na quinta, 23, uma equipe da Pol\u00edcia Federal que investiga as fake news contra o Supremo Tribunal Federal (STF) identificou o articulador das publica\u00e7\u00f5es: Carlos Bolsonaro (Republicanos). A informa\u00e7\u00e3o foi corroborada por Leandro Colon, da Folha de S.Paulo, neste s\u00e1bado, 25.<\/p>\n<p>Na opera\u00e7\u00e3o, os policiais respons\u00e1veis pelas investiga\u00e7\u00f5es garantem que o filho do presidente, tamb\u00e9m conhecido como 02, \u00e9 um dos coordenadores de ataques ao Supremo e ao Congresso.<\/p>\n<p>Com isso, quando todo o aparato da investiga\u00e7\u00e3o apontar para Carlos como o mentor, a crise estar\u00e1 instaurada. Al\u00e9m disso, h\u00e1 um processo aberto pelo STF para investigar esse movimento de not\u00edcias falsas.<\/p>\n<p>A equipe que investiga o caso aberto pelo STF para analisar fake news tamb\u00e9m vai apurar quem foram os autores do protesto pr\u00f3-ditadura, do qual Jair Bolsonaro participou no \u00faltimo domingo (19).<\/p>\n<p>Segundo a reportagem da Folha, a PF tamb\u00e9m investiga a poss\u00edvel participa\u00e7\u00e3o de Eduardo Bolsonaro, deputado federal pelo PSL de SP e irm\u00e3o de Carlos, nessas atividades criminosas.<\/p>\n<p>Esse cerco sobre os filhos do presidente teria sido um dos fatores determinantes para que Jair Bolsonaro resolvesse trocar o comando da Pol\u00edcia Federal. O que acabou provocando a demiss\u00e3o do ex-ministro da Justi\u00e7a Sergio Moro.<\/p>\n<p>&nbsp;<\/p>\n<p><strong>Fonte: ISTO\u00c9<\/strong><\/p>\n<p>&nbsp;<\/p>\n","protected":false},"excerpt":{"rendered":"<p>Como hav\u00edamos adiantado na quinta, 23, uma equipe da Pol\u00edcia Federal que investiga as fake news contra o Supremo Tribunal Federal (STF) identificou o articulador das publica\u00e7\u00f5es: Carlos Bolsonaro (Republicanos). A informa\u00e7\u00e3o foi corroborada por Leandro Colon, da Folha de S.Paulo, neste s\u00e1bado, 25. Na opera\u00e7\u00e3o, os policiais respons\u00e1veis pelas investiga\u00e7\u00f5es garantem que o filho &hellip;<\/p>\n","protected":false},"author":1,"featured_media":5756,"comment_status":"open","ping_status":"open","sticky":false,"template":"","format":"standard","meta":{"_jetpack_newsletter_access":"","_jetpack_dont_email_post_to_subs":false,"_jetpack_newsletter_tier_id":0,"_jetpack_memberships_contains_paywalled_content":false,"_jetpack_memberships_contains_paid_content":false,"footnotes":""},"categories":[1],"tags":[],"class_list":["post-5755","post","type-post","status-publish","format-standard","has-post-thumbnail","hentry","category-destaque"],"jetpack_sharing_enabled":true,"jetpack_featured_media_url":"","_links":{"self":[{"href":"https:\/\/www.oparanews.com.br\/index.php\/wp-json\/wp\/v2\/posts\/5755","targetHints":{"allow":["GET"]}}],"collection":[{"href":"https:\/\/www.oparanews.com.br\/index.php\/wp-json\/wp\/v2\/posts"}],"about":[{"href":"https:\/\/www.oparanews.com.br\/index.php\/wp-json\/wp\/v2\/types\/post"}],"author":[{"embeddable":true,"href":"https:\/\/www.oparanews.com.br\/index.php\/wp-json\/wp\/v2\/users\/1"}],"replies":[{"embeddable":true,"href":"https:\/\/www.oparanews.com.br\/index.php\/wp-json\/wp\/v2\/comments?post=5755"}],"version-history":[{"count":0,"href":"https:\/\/www.oparanews.com.br\/index.php\/wp-json\/wp\/v2\/posts\/5755\/revisions"}],"wp:attachment":[{"href":"https:\/\/www.oparanews.com.br\/index.php\/wp-json\/wp\/v2\/media?parent=5755"}],"wp:term":[{"taxonomy":"category","embeddable":true,"href":"https:\/\/www.oparanews.com.br\/index.php\/wp-json\/wp\/v2\/categories?post=5755"},{"taxonomy":"post_tag","embeddable":true,"href":"https:\/\/www.oparanews.com.br\/index.php\/wp-json\/wp\/v2\/tags?post=5755"}],"curies":[{"name":"wp","href":"https:\/\/api.w.org\/{rel}","templated":true}]}}