{"id":5786,"date":"2020-04-26T23:19:55","date_gmt":"2020-04-26T23:19:55","guid":{"rendered":"https:\/\/oparanews.com.br\/?p=5786"},"modified":"2020-04-26T23:19:55","modified_gmt":"2020-04-26T23:19:55","slug":"apos-suspeita-de-coronavirus-sikera-junior-quebra-o-silencio","status":"publish","type":"post","link":"https:\/\/www.oparanews.com.br\/index.php\/2020\/04\/26\/apos-suspeita-de-coronavirus-sikera-junior-quebra-o-silencio\/","title":{"rendered":"Ap\u00f3s suspeita de coronav\u00edrus, Sik\u00eara J\u00fanior quebra o sil\u00eancio"},"content":{"rendered":"<p>O apresentador Sik\u00eara J\u00fanior n\u00e3o apresentou o Alerta Nacional da \u00faltima quinta-feira (23), sendo substitu\u00eddo pela jornalista Mayara Rocha. A colega de trabalho assumiu a edi\u00e7\u00e3o nacional da atra\u00e7\u00e3o, que \u00e9 transmitida pela RedeTV!, e a vers\u00e3o local, veiculada pela TV A Cr\u00edtica para o estado do Amazonas.<\/p>\n<p>Ao vivo, Sik\u00eara explicou o que vem sentindo de fato, ap\u00f3s afirmar estar mal na edi\u00e7\u00e3o de quarta-feira (22) do jornal\u00edstico, sendo substitu\u00eddo pela colega durante a transmiss\u00e3o do Alerta Amazonas.<\/p>\n<p>\u201cEstou me recuperando. \u00c9 gripe e como toda gripe \u00e9 suspeita, e eu sou do grupo de risco [acima dos 60 anos], todo mundo fica cismado. \u00c9 aquela coisa de tens\u00e3o, do momento. Eu sempre gripei na minha vida, mas por causa do momento, est\u00e1 todo mundo em p\u00e2nico\u201c, come\u00e7ou o apresentador.<\/p>\n<p>Sik\u00eara J\u00fanior ainda falou sobre seu estado de sa\u00fade diante das c\u00e2meras. \u201cDesde sexta-feira (17) que estou meio mole e as pessoas me perguntavam se eu estava bem. Como a gente tem uma terceira c\u00e2mera que pega tudo no ambiente nos intervalos, muita gente percebeu que eu estava meio pra baixo. Mas era a gripe mesmo que tinha me pegado\u201c, disse.<\/p>\n<p>O apresentador ainda brincou com a morte. \u201cNo dia que eu morrer, vai virar tanto meme. J\u00e1 est\u00e1 pronto. Eu j\u00e1 sei como v\u00e3o ser as homenagens. Eu falo isso pra daqui uns 50 anos, mas eu n\u00e3o queria gravar nada pra n\u00e3o parecer que estou me lamentando. Eu estou aqui gravando hoje porque foi um pedido da dire\u00e7\u00e3o do jornalismo pra tirar qualquer d\u00favida que existir, mas segunda (27), estarei de volta. Mas estou bem representado pela Mayara que \u00e9 minha carta-coringa\u201c, explicou.<\/p>\n<p>&nbsp;<\/p>\n<p><strong>Fonte: RD1<\/strong><\/p>\n<p>&nbsp;<\/p>\n","protected":false},"excerpt":{"rendered":"<p>O apresentador Sik\u00eara J\u00fanior n\u00e3o apresentou o Alerta Nacional da \u00faltima quinta-feira (23), sendo substitu\u00eddo pela jornalista Mayara Rocha. A colega de trabalho assumiu a edi\u00e7\u00e3o nacional da atra\u00e7\u00e3o, que \u00e9 transmitida pela RedeTV!, e a vers\u00e3o local, veiculada pela TV A Cr\u00edtica para o estado do Amazonas. Ao vivo, Sik\u00eara explicou o que vem &hellip;<\/p>\n","protected":false},"author":1,"featured_media":5787,"comment_status":"open","ping_status":"open","sticky":false,"template":"","format":"standard","meta":{"_jetpack_newsletter_access":"","_jetpack_dont_email_post_to_subs":false,"_jetpack_newsletter_tier_id":0,"_jetpack_memberships_contains_paywalled_content":false,"_jetpack_memberships_contains_paid_content":false,"footnotes":""},"categories":[1],"tags":[],"class_list":["post-5786","post","type-post","status-publish","format-standard","has-post-thumbnail","hentry","category-destaque"],"jetpack_sharing_enabled":true,"jetpack_featured_media_url":"","_links":{"self":[{"href":"https:\/\/www.oparanews.com.br\/index.php\/wp-json\/wp\/v2\/posts\/5786","targetHints":{"allow":["GET"]}}],"collection":[{"href":"https:\/\/www.oparanews.com.br\/index.php\/wp-json\/wp\/v2\/posts"}],"about":[{"href":"https:\/\/www.oparanews.com.br\/index.php\/wp-json\/wp\/v2\/types\/post"}],"author":[{"embeddable":true,"href":"https:\/\/www.oparanews.com.br\/index.php\/wp-json\/wp\/v2\/users\/1"}],"replies":[{"embeddable":true,"href":"https:\/\/www.oparanews.com.br\/index.php\/wp-json\/wp\/v2\/comments?post=5786"}],"version-history":[{"count":0,"href":"https:\/\/www.oparanews.com.br\/index.php\/wp-json\/wp\/v2\/posts\/5786\/revisions"}],"wp:attachment":[{"href":"https:\/\/www.oparanews.com.br\/index.php\/wp-json\/wp\/v2\/media?parent=5786"}],"wp:term":[{"taxonomy":"category","embeddable":true,"href":"https:\/\/www.oparanews.com.br\/index.php\/wp-json\/wp\/v2\/categories?post=5786"},{"taxonomy":"post_tag","embeddable":true,"href":"https:\/\/www.oparanews.com.br\/index.php\/wp-json\/wp\/v2\/tags?post=5786"}],"curies":[{"name":"wp","href":"https:\/\/api.w.org\/{rel}","templated":true}]}}